{"id":18749,"date":"2026-08-31T00:14:31","date_gmt":"2026-08-30T22:14:31","guid":{"rendered":"https:\/\/www.futbolparatodos.com.ar\/noticias\/?p=18749"},"modified":"2026-08-31T00:14:32","modified_gmt":"2026-08-30T22:14:32","slug":"ponzio-hablo-tras-su-debut-en-river-y-confirmo-el-interinato-hay-que-saberla-respetar","status":"publish","type":"post","link":"https:\/\/www.futbolparatodos.com.ar\/noticias\/2026\/08\/31\/ponzio-hablo-tras-su-debut-en-river-y-confirmo-el-interinato-hay-que-saberla-respetar\/","title":{"rendered":"Ponzio habl\u00f3 tras su debut en River y confirm\u00f3 el interinato: \u201cHay que saberla respetar\u201d"},"content":{"rendered":"\n<p class=\"wp-block-paragraph\"><strong>Leonardo Ponzio tuvo su estreno como entrenador de Rive<\/strong>r con <a href=\"https:\/\/www.futbolparatodos.com.ar\/noticias\/2026\/08\/30\/river-gano-en-el-debut-de-ponzio-pero-termino-sufriendo-ante-banfield\/\">una victoria por 3-2 frente a Banfield por la s\u00e9ptima fecha del Torneo Clausura<\/a> y, luego del encuentro, <strong>brind\u00f3 una conferencia de prensa en la que aclar\u00f3 cu\u00e1l es su situaci\u00f3n dentro del club<\/strong>. El hist\u00f3rico mediocampista asumi\u00f3 el mando del plantel despu\u00e9s de la salida de Eduardo Coudet y dej\u00f3 en claro que su funci\u00f3n, al menos por ahora, tiene car\u00e1cter interino.<\/p>\n\n\n\n<p class=\"wp-block-paragraph\">El nuevo entrenador del Millonario explic\u00f3 que acept\u00f3 hacerse cargo del equipo por su v\u00ednculo con la instituci\u00f3n y por la necesidad de acompa\u00f1ar al plantel en un momento complejo. <strong>\u201cMis momentos de tomar decisiones en River fueron cada vez un poco m\u00e1s locas, porque la verdad que lo veo de ese lado, pero muy contento, feliz. Me debo a esta instituci\u00f3n, siento que cuando hay que estar, hay que poner la cara y as\u00ed fue\u201d<\/strong>, expres\u00f3 Ponzio. Adem\u00e1s, destac\u00f3 el conocimiento que ya ten\u00eda del grupo debido a su cercan\u00eda con los futbolistas desde el comienzo de la temporada.<\/p>\n\n\n\n<p class=\"wp-block-paragraph\">En ese sentido, Ponzio fue contundente al referirse al car\u00e1cter de su ciclo y evit\u00f3 instalarse en una posici\u00f3n que exceda el plazo para el que fue convocado. <strong>\u201cLa palabra fue interinato, as\u00ed que hay que saberla respetar. Esto va a ser una consecuencia de muchos partidos y despu\u00e9s se ver\u00e1\u201d<\/strong>, asegur\u00f3. De esta manera, dej\u00f3 abierta la posibilidad de que la situaci\u00f3n pueda evaluarse m\u00e1s adelante, pero remarc\u00f3 que actualmente su funci\u00f3n est\u00e1 encuadrada como una conducci\u00f3n provisoria.<\/p>\n\n\n\n<p class=\"wp-block-paragraph\">Otro de los temas que apareci\u00f3 durante la conferencia fue la posibilidad de sumar al cuerpo t\u00e9cnico a algunas figuras hist\u00f3ricas de River, entre ellas Jonathan Maidana e Ignacio Scocco. <strong>Ponzio no cerr\u00f3 la puerta a esa alternativa, aunque tampoco confirm\u00f3 incorporaciones<\/strong>. \u201cDespu\u00e9s los nombres que das, hay que darle valor porque son hist\u00f3ricos en este club, siempre todo hist\u00f3rico que tenga la predisposici\u00f3n de estar, bienvenido sea. Ahora hay que respetar a Escudero, Manfredi, el profe Segura, ellos al venir de Reserva y poner la cara en esta situaci\u00f3n, que la verdad que est\u00e1n felices porque te lo demuestran. Hay que esperar\u201d, se\u00f1al\u00f3.<\/p>\n\n\n\n<p class=\"wp-block-paragraph\">La decisi\u00f3n de Ponzio de asumir tambi\u00e9n gener\u00f3 repercusi\u00f3n debido a <strong>antiguas declaraciones suyas en las que hab\u00eda manifestado que no ten\u00eda intenci\u00f3n de convertirse en entrenador<\/strong>. Tras aceptar el desaf\u00edo, el exvolante explic\u00f3 que aquellas palabras no significaban que la posibilidad estuviera completamente descartada. <strong>\u201cSiempre por algo se empieza y siempre cuando hay alguna excitaci\u00f3n te despierta algo. Mi vida, tengo 44 a\u00f1os y 30 adentro de una cancha de f\u00fatbol. Mis expresiones eran para cubrirme de alguna situaci\u00f3n, pero algo siempre hay\u201d<\/strong>, sostuvo.<\/p>\n\n\n\n<p class=\"wp-block-paragraph\">Por \u00faltimo, <strong>el t\u00e9cnico interino cont\u00f3 qu\u00e9 pretende trasladar a su nueva funci\u00f3n y explic\u00f3 que tom\u00f3 aprendizajes de distintas personas a lo largo de su carrera<\/strong>. \u201cSaqu\u00e9 de todos, soy mucho de los que en cualquier profesi\u00f3n el tener personas en quien poder confiar y delegar. La realidad es que tambi\u00e9n me gusta en esta instituci\u00f3n -por lo viv\u00ed as\u00ed- cuando son muy cercanos a jugador, cuando sab\u00e9s lo que le pasa, cuando hay una din\u00e1mica de d\u00eda a d\u00eda que es lo que pas\u00f3 a mi en estas 48 horas, que no entend\u00e9s porque te ponen en tal lado. Esto es River, un pa\u00eds entero, y hay que saberlo llevar\u201d, afirm\u00f3 Ponzio.<\/p>\n\n\n\n<p class=\"wp-block-paragraph\">El triunfo ante Banfield signific\u00f3, as\u00ed, el primer paso de esta nueva etapa para Ponzio, quien <strong>deber\u00e1 continuar al frente del equipo mientras la dirigencia analiza el futuro del banco de suplentes<\/strong>. Por ahora, el hist\u00f3rico futbolista asumi\u00f3 el desaf\u00edo con una victoria y dej\u00f3 claro que entiende el car\u00e1cter transitorio de su funci\u00f3n.<\/p>\n","protected":false},"excerpt":{"rendered":"<p>Leonardo Ponzio tuvo su estreno como entrenador de River con una victoria por 3-2 frente a Banfield por la s\u00e9ptima fecha del Torneo Clausura y, luego del encuentro, brind\u00f3 una conferencia de prensa en la que aclar\u00f3 cu\u00e1l es su situaci\u00f3n dentro del club. El hist\u00f3rico mediocampista asumi\u00f3 el mando del plantel despu\u00e9s de la [&hellip;]<\/p>\n","protected":false},"author":1,"featured_media":18750,"comment_status":"closed","ping_status":"open","sticky":false,"template":"","format":"standard","meta":{"footnotes":""},"categories":[13],"tags":[472,265],"class_list":["post-18749","post","type-post","status-publish","format-standard","has-post-thumbnail","hentry","category-river-plate","tag-conferencia","tag-leonardo-ponzio"],"_links":{"self":[{"href":"https:\/\/www.futbolparatodos.com.ar\/noticias\/wp-json\/wp\/v2\/posts\/18749","targetHints":{"allow":["GET"]}}],"collection":[{"href":"https:\/\/www.futbolparatodos.com.ar\/noticias\/wp-json\/wp\/v2\/posts"}],"about":[{"href":"https:\/\/www.futbolparatodos.com.ar\/noticias\/wp-json\/wp\/v2\/types\/post"}],"author":[{"embeddable":true,"href":"https:\/\/www.futbolparatodos.com.ar\/noticias\/wp-json\/wp\/v2\/users\/1"}],"replies":[{"embeddable":true,"href":"https:\/\/www.futbolparatodos.com.ar\/noticias\/wp-json\/wp\/v2\/comments?post=18749"}],"version-history":[{"count":1,"href":"https:\/\/www.futbolparatodos.com.ar\/noticias\/wp-json\/wp\/v2\/posts\/18749\/revisions"}],"predecessor-version":[{"id":18751,"href":"https:\/\/www.futbolparatodos.com.ar\/noticias\/wp-json\/wp\/v2\/posts\/18749\/revisions\/18751"}],"wp:featuredmedia":[{"embeddable":true,"href":"https:\/\/www.futbolparatodos.com.ar\/noticias\/wp-json\/wp\/v2\/media\/18750"}],"wp:attachment":[{"href":"https:\/\/www.futbolparatodos.com.ar\/noticias\/wp-json\/wp\/v2\/media?parent=18749"}],"wp:term":[{"taxonomy":"category","embeddable":true,"href":"https:\/\/www.futbolparatodos.com.ar\/noticias\/wp-json\/wp\/v2\/categories?post=18749"},{"taxonomy":"post_tag","embeddable":true,"href":"https:\/\/www.futbolparatodos.com.ar\/noticias\/wp-json\/wp\/v2\/tags?post=18749"}],"curies":[{"name":"wp","href":"https:\/\/api.w.org\/{rel}","templated":true}]}}