{"id":18754,"date":"2026-08-31T16:26:19","date_gmt":"2026-08-31T14:26:19","guid":{"rendered":"https:\/\/www.futbolparatodos.com.ar\/noticias\/?p=18754"},"modified":"2026-08-31T16:26:20","modified_gmt":"2026-08-31T14:26:20","slug":"boca-recupera-dos-defensores-para-el-duelo-clave-ante-velez-por-copa-argentina","status":"publish","type":"post","link":"https:\/\/www.futbolparatodos.com.ar\/noticias\/2026\/08\/31\/boca-recupera-dos-defensores-para-el-duelo-clave-ante-velez-por-copa-argentina\/","title":{"rendered":"Boca recupera dos defensores para el duelo clave ante V\u00e9lez por Copa Argentina"},"content":{"rendered":"\n<p class=\"wp-block-paragraph\"><strong>Boca Juniors recibi\u00f3 una buena noticia<\/strong> antes de su compromiso frente a V\u00e9lez por los octavos de final de la <a href=\"https:\/\/www.futbolparatodos.com.ar\/copa-argentina\">Copa Argentina<\/a>. <strong>Leandro Lozano y Marco Pellegrino evolucionaron favorablemente de sus respectivas lesiones y quedaron nuevamente disponibles<\/strong> para Rodolfo Arruabarrena.<\/p>\n\n\n\n<p class=\"wp-block-paragraph\"><strong>Lozano hab\u00eda quedado al margen por una distensi\u00f3n en los isquiotibiales de la pierna izquierda, mientras que Pellegrino atraves\u00f3 un desgarro muscular sufrido durante el encuentro ante Platense<\/strong>. Ambos completaron sus procesos de recuperaci\u00f3n y, si no surge ning\u00fan inconveniente, ser\u00e1n parte de la delegaci\u00f3n que viajar\u00e1 a C\u00f3rdoba.<\/p>\n\n\n\n<p class=\"wp-block-paragraph\">En el caso de Lozano, su regreso podr\u00eda darse directamente desde el comienzo. <strong>El lateral tiene posibilidades de recuperar la titularidad ante el Fort\u00edn<\/strong>, con Dylan Gorosito como principal candidato a dejarle su lugar respecto del equipo que viene de vencer a Lan\u00fas.<\/p>\n\n\n\n<p class=\"wp-block-paragraph\"><strong>A estas dos altas se suma tambi\u00e9n Leandro Paredes<\/strong>, quien ya super\u00f3 la molestia que hab\u00eda sufrido en el isquiotibial izquierdo y volvi\u00f3 a tener minutos en el \u00faltimo partido. El capit\u00e1n aparece como una alternativa para regresar al once inicial en lugar de Camilo Rey Domenech.<\/p>\n\n\n\n<p class=\"wp-block-paragraph\">M\u00e1s all\u00e1 de estas recuperaciones, Boca todav\u00eda mantiene una enfermer\u00eda importante. <strong>Ayrton Costa, Malcom Braida, Tom\u00e1s Aranda, Adam Bareiro, Rodrigo Battaglia y Agust\u00edn Marches\u00edn contin\u00faan con sus respectivos procesos<\/strong>, por lo que Arruabarrena deber\u00e1 administrar el plantel mientras define el equipo para enfrentar a V\u00e9lez.<\/p>\n","protected":false},"excerpt":{"rendered":"<p>Boca Juniors recibi\u00f3 una buena noticia antes de su compromiso frente a V\u00e9lez por los octavos de final de la Copa Argentina. Leandro Lozano y Marco Pellegrino evolucionaron favorablemente de sus respectivas lesiones y quedaron nuevamente disponibles para Rodolfo Arruabarrena. Lozano hab\u00eda quedado al margen por una distensi\u00f3n en los isquiotibiales de la pierna izquierda, [&hellip;]<\/p>\n","protected":false},"author":1,"featured_media":17506,"comment_status":"closed","ping_status":"open","sticky":false,"template":"","format":"standard","meta":{"footnotes":""},"categories":[7],"tags":[768,166,446],"class_list":["post-18754","post","type-post","status-publish","format-standard","has-post-thumbnail","hentry","category-boca-juniors","tag-leandro-lozano","tag-lesion","tag-marco-pellegrino"],"_links":{"self":[{"href":"https:\/\/www.futbolparatodos.com.ar\/noticias\/wp-json\/wp\/v2\/posts\/18754","targetHints":{"allow":["GET"]}}],"collection":[{"href":"https:\/\/www.futbolparatodos.com.ar\/noticias\/wp-json\/wp\/v2\/posts"}],"about":[{"href":"https:\/\/www.futbolparatodos.com.ar\/noticias\/wp-json\/wp\/v2\/types\/post"}],"author":[{"embeddable":true,"href":"https:\/\/www.futbolparatodos.com.ar\/noticias\/wp-json\/wp\/v2\/users\/1"}],"replies":[{"embeddable":true,"href":"https:\/\/www.futbolparatodos.com.ar\/noticias\/wp-json\/wp\/v2\/comments?post=18754"}],"version-history":[{"count":1,"href":"https:\/\/www.futbolparatodos.com.ar\/noticias\/wp-json\/wp\/v2\/posts\/18754\/revisions"}],"predecessor-version":[{"id":18755,"href":"https:\/\/www.futbolparatodos.com.ar\/noticias\/wp-json\/wp\/v2\/posts\/18754\/revisions\/18755"}],"wp:featuredmedia":[{"embeddable":true,"href":"https:\/\/www.futbolparatodos.com.ar\/noticias\/wp-json\/wp\/v2\/media\/17506"}],"wp:attachment":[{"href":"https:\/\/www.futbolparatodos.com.ar\/noticias\/wp-json\/wp\/v2\/media?parent=18754"}],"wp:term":[{"taxonomy":"category","embeddable":true,"href":"https:\/\/www.futbolparatodos.com.ar\/noticias\/wp-json\/wp\/v2\/categories?post=18754"},{"taxonomy":"post_tag","embeddable":true,"href":"https:\/\/www.futbolparatodos.com.ar\/noticias\/wp-json\/wp\/v2\/tags?post=18754"}],"curies":[{"name":"wp","href":"https:\/\/api.w.org\/{rel}","templated":true}]}}