{"id":18756,"date":"2026-08-31T17:21:16","date_gmt":"2026-08-31T15:21:16","guid":{"rendered":"https:\/\/www.futbolparatodos.com.ar\/noticias\/?p=18756"},"modified":"2026-08-31T22:37:57","modified_gmt":"2026-08-31T20:37:57","slug":"messi-se-despidio-de-la-seleccion-argentina-me-vacie","status":"publish","type":"post","link":"https:\/\/www.futbolparatodos.com.ar\/noticias\/2026\/08\/31\/messi-se-despidio-de-la-seleccion-argentina-me-vacie\/","title":{"rendered":"Messi se despidi\u00f3 de la Selecci\u00f3n Argentina: \u201cMe vaci\u00e9\u201d"},"content":{"rendered":"\n<p class=\"wp-block-paragraph\"><strong>Lionel Messi sorprendi\u00f3 este lunes 31 de agosto de 2026 al anunciar que deja la Selecci\u00f3n Argentina<\/strong>. El capit\u00e1n de la Albiceleste tom\u00f3 la decisi\u00f3n despu\u00e9s de m\u00e1s de dos d\u00e9cadas representando al pa\u00eds y tras una etapa marcada por grandes conquistas. <strong>La determinaci\u00f3n llega poco m\u00e1s de un mes despu\u00e9s de <a href=\"https:\/\/www.futbolparatodos.com.ar\/noticias\/2026\/07\/20\/argentina-cayo-en-el-alargue-ante-espana-y-se-quedo-a-un-paso-de-la-gloria-en-el-mundial-2026\/\">la derrota ante Espa\u00f1a en la final del Mundial 2026<\/a><\/strong> y en un contexto personal muy doloroso por el reciente fallecimiento de su padre.<\/p>\n\n\n\n<p class=\"wp-block-paragraph\">El rosarino comunic\u00f3 la noticia a trav\u00e9s de sus redes sociales con un extenso y emotivo mensaje. All\u00ed <strong>explic\u00f3 que se trat\u00f3 de una decisi\u00f3n dif\u00edcil, pero que considera que lleg\u00f3 el momento de cerrar su ciclo con la camiseta argentina. \u201cMe vaci\u00e9, ya no tengo m\u00e1s para dar y aparte vienen chicos muy grandes atr\u00e1s que merecen estar\u201d<\/strong>, expres\u00f3 Messi al explicar los motivos que lo llevaron a ponerle punto final a su recorrido internacional.<\/p>\n\n\n\n<p class=\"wp-block-paragraph\">La despedida se produce despu\u00e9s de una etapa hist\u00f3rica para el f\u00fatbol argentino. <strong>Messi consigui\u00f3 la Copa Am\u00e9rica en dos oportunidades, la Finalissima, la medalla de oro en los Juegos Ol\u00edmpicos de Beijing 2008 y, principalmente, la Copa del Mundo de Qatar 2022<\/strong>. Junto con sus compa\u00f1eros, el capit\u00e1n consigui\u00f3 devolverle a la Selecci\u00f3n un t\u00edtulo mundial que se hab\u00eda hecho esperar durante d\u00e9cadas y dej\u00f3 una huella imborrable en la historia de la Albiceleste.<\/p>\n\n\n\n<p class=\"wp-block-paragraph\">En su mensaje, Messi tambi\u00e9n agradeci\u00f3 a su familia, entrenadores, compa\u00f1eros y dirigentes que lo acompa\u00f1aron durante todo este recorrido. <strong>Adem\u00e1s, asegur\u00f3 que continuar\u00e1 apoyando a la Selecci\u00f3n desde otro lugar y que extra\u00f1ar\u00e1 vivir los partidos desde adentro. \u201cAhora voy a ser uno m\u00e1s de ustedes, alentando y bancando siempre desde afuera\u201d<\/strong>, se\u00f1al\u00f3 el futbolista, que cerr\u00f3 su despedida con una frase que resume su v\u00ednculo con el pa\u00eds: <strong>\u201cGracias Dios por hacerme argentino\u201d<\/strong>.<\/p>\n","protected":false},"excerpt":{"rendered":"<p>Lionel Messi sorprendi\u00f3 este lunes 31 de agosto de 2026 al anunciar que deja la Selecci\u00f3n Argentina. El capit\u00e1n de la Albiceleste tom\u00f3 la decisi\u00f3n despu\u00e9s de m\u00e1s de dos d\u00e9cadas representando al pa\u00eds y tras una etapa marcada por grandes conquistas. La determinaci\u00f3n llega poco m\u00e1s de un mes despu\u00e9s de la derrota ante [&hellip;]<\/p>\n","protected":false},"author":1,"featured_media":11187,"comment_status":"closed","ping_status":"open","sticky":false,"template":"","format":"standard","meta":{"footnotes":""},"categories":[5],"tags":[235],"class_list":["post-18756","post","type-post","status-publish","format-standard","has-post-thumbnail","hentry","category-seleccion-argentina","tag-lionel-messi"],"_links":{"self":[{"href":"https:\/\/www.futbolparatodos.com.ar\/noticias\/wp-json\/wp\/v2\/posts\/18756","targetHints":{"allow":["GET"]}}],"collection":[{"href":"https:\/\/www.futbolparatodos.com.ar\/noticias\/wp-json\/wp\/v2\/posts"}],"about":[{"href":"https:\/\/www.futbolparatodos.com.ar\/noticias\/wp-json\/wp\/v2\/types\/post"}],"author":[{"embeddable":true,"href":"https:\/\/www.futbolparatodos.com.ar\/noticias\/wp-json\/wp\/v2\/users\/1"}],"replies":[{"embeddable":true,"href":"https:\/\/www.futbolparatodos.com.ar\/noticias\/wp-json\/wp\/v2\/comments?post=18756"}],"version-history":[{"count":1,"href":"https:\/\/www.futbolparatodos.com.ar\/noticias\/wp-json\/wp\/v2\/posts\/18756\/revisions"}],"predecessor-version":[{"id":18757,"href":"https:\/\/www.futbolparatodos.com.ar\/noticias\/wp-json\/wp\/v2\/posts\/18756\/revisions\/18757"}],"wp:featuredmedia":[{"embeddable":true,"href":"https:\/\/www.futbolparatodos.com.ar\/noticias\/wp-json\/wp\/v2\/media\/11187"}],"wp:attachment":[{"href":"https:\/\/www.futbolparatodos.com.ar\/noticias\/wp-json\/wp\/v2\/media?parent=18756"}],"wp:term":[{"taxonomy":"category","embeddable":true,"href":"https:\/\/www.futbolparatodos.com.ar\/noticias\/wp-json\/wp\/v2\/categories?post=18756"},{"taxonomy":"post_tag","embeddable":true,"href":"https:\/\/www.futbolparatodos.com.ar\/noticias\/wp-json\/wp\/v2\/tags?post=18756"}],"curies":[{"name":"wp","href":"https:\/\/api.w.org\/{rel}","templated":true}]}}