{"id":18759,"date":"2026-08-31T17:31:21","date_gmt":"2026-08-31T15:31:21","guid":{"rendered":"https:\/\/www.futbolparatodos.com.ar\/noticias\/?p=18759"},"modified":"2026-08-31T17:31:21","modified_gmt":"2026-08-31T15:31:21","slug":"zeballos-se-va-de-boca-el-changuito-jugara-en-el-monza-de-italia","status":"publish","type":"post","link":"https:\/\/www.futbolparatodos.com.ar\/noticias\/2026\/08\/31\/zeballos-se-va-de-boca-el-changuito-jugara-en-el-monza-de-italia\/","title":{"rendered":"Zeballos se va de Boca: el Changuito jugar\u00e1 en el Monza de Italia"},"content":{"rendered":"\n<p class=\"wp-block-paragraph\"><strong>Boca Juniors concret\u00f3 la salida de Exequiel Zeballos y el delantero continuar\u00e1 su carrera en el Monza<\/strong>, recientemente ascendido a la Serie A. El acuerdo <strong>se cerrar\u00e1 en torno a los cinco millones de d\u00f3lares para el Xeneize<\/strong>, que adem\u00e1s conservar\u00e1 el 40% de los derechos ante una futura venta.<\/p>\n\n\n\n<p class=\"wp-block-paragraph\">La operaci\u00f3n se resolvi\u00f3 luego de varios d\u00edas de negociaciones y de distintas alternativas que aparecieron desde Europa. <strong>Napoli y <a href=\"https:\/\/www.futbolparatodos.com.ar\/noticias\/2026\/08\/31\/giro-inesperado-zeballos-esta-cerca-de-dejar-boca-para-jugar-en-parma\/\">Parma hab\u00edan mostrado inter\u00e9s por el futbolista<\/a>, pero finalmente Monza avanz\u00f3 con mayor decisi\u00f3n<\/strong> y consigui\u00f3 quedarse con el jugador de 24 a\u00f1os.<\/p>\n\n\n\n<p class=\"wp-block-paragraph\">El contexto contractual fue determinante para definir la transferencia. Zeballos ten\u00eda v\u00ednculo con Boca hasta diciembre de este a\u00f1o y, ante la falta de un acuerdo para extenderlo, <strong>la dirigencia encabezada por Juan Rom\u00e1n Riquelme busc\u00f3 concretar su salida antes del cierre del mercado europeo<\/strong>.<\/p>\n\n\n\n<p class=\"wp-block-paragraph\"><strong>El monto final qued\u00f3 por debajo de las expectativas iniciales del club<\/strong>, que apuntaba a una cifra cercana a los 15 millones de d\u00f3lares establecidos en su cl\u00e1usula de rescisi\u00f3n. Sin embargo, <strong>Boca tendr\u00e1 el 40% de una eventual transferencia futura<\/strong>, una condici\u00f3n que podr\u00eda representar un ingreso importante si el atacante logra destacarse en Italia.<\/p>\n\n\n\n<p class=\"wp-block-paragraph\">Zeballos deja el club despu\u00e9s de casi seis a\u00f1os en Primera Divisi\u00f3n, desde su debut en noviembre de 2020. Durante ese per\u00edodo <strong>disput\u00f3 140 partidos, convirti\u00f3 16 goles y conquist\u00f3 cinco t\u00edtulos<\/strong>, adem\u00e1s de atravesar diferentes lesiones que condicionaron su continuidad y desarrollo. Ahora viajar\u00e1 a Italia para incorporarse al Monza.<\/p>\n","protected":false},"excerpt":{"rendered":"<p>Boca Juniors concret\u00f3 la salida de Exequiel Zeballos y el delantero continuar\u00e1 su carrera en el Monza, recientemente ascendido a la Serie A. El acuerdo se cerrar\u00e1 en torno a los cinco millones de d\u00f3lares para el Xeneize, que adem\u00e1s conservar\u00e1 el 40% de los derechos ante una futura venta. La operaci\u00f3n se resolvi\u00f3 luego [&hellip;]<\/p>\n","protected":false},"author":1,"featured_media":12619,"comment_status":"closed","ping_status":"open","sticky":false,"template":"","format":"standard","meta":{"footnotes":""},"categories":[1],"tags":[],"class_list":["post-18759","post","type-post","status-publish","format-standard","has-post-thumbnail","hentry","category-sin-categoria"],"_links":{"self":[{"href":"https:\/\/www.futbolparatodos.com.ar\/noticias\/wp-json\/wp\/v2\/posts\/18759","targetHints":{"allow":["GET"]}}],"collection":[{"href":"https:\/\/www.futbolparatodos.com.ar\/noticias\/wp-json\/wp\/v2\/posts"}],"about":[{"href":"https:\/\/www.futbolparatodos.com.ar\/noticias\/wp-json\/wp\/v2\/types\/post"}],"author":[{"embeddable":true,"href":"https:\/\/www.futbolparatodos.com.ar\/noticias\/wp-json\/wp\/v2\/users\/1"}],"replies":[{"embeddable":true,"href":"https:\/\/www.futbolparatodos.com.ar\/noticias\/wp-json\/wp\/v2\/comments?post=18759"}],"version-history":[{"count":1,"href":"https:\/\/www.futbolparatodos.com.ar\/noticias\/wp-json\/wp\/v2\/posts\/18759\/revisions"}],"predecessor-version":[{"id":18760,"href":"https:\/\/www.futbolparatodos.com.ar\/noticias\/wp-json\/wp\/v2\/posts\/18759\/revisions\/18760"}],"wp:featuredmedia":[{"embeddable":true,"href":"https:\/\/www.futbolparatodos.com.ar\/noticias\/wp-json\/wp\/v2\/media\/12619"}],"wp:attachment":[{"href":"https:\/\/www.futbolparatodos.com.ar\/noticias\/wp-json\/wp\/v2\/media?parent=18759"}],"wp:term":[{"taxonomy":"category","embeddable":true,"href":"https:\/\/www.futbolparatodos.com.ar\/noticias\/wp-json\/wp\/v2\/categories?post=18759"},{"taxonomy":"post_tag","embeddable":true,"href":"https:\/\/www.futbolparatodos.com.ar\/noticias\/wp-json\/wp\/v2\/tags?post=18759"}],"curies":[{"name":"wp","href":"https:\/\/api.w.org\/{rel}","templated":true}]}}