{"id":18761,"date":"2026-08-31T21:18:20","date_gmt":"2026-08-31T19:18:20","guid":{"rendered":"https:\/\/www.futbolparatodos.com.ar\/noticias\/?p=18761"},"modified":"2026-08-31T21:19:14","modified_gmt":"2026-08-31T19:19:14","slug":"que-suerte-tuve-leo-la-emotiva-carta-de-enzo-fernandez-a-messi-tras-su-despedida","status":"publish","type":"post","link":"https:\/\/www.futbolparatodos.com.ar\/noticias\/2026\/08\/31\/que-suerte-tuve-leo-la-emotiva-carta-de-enzo-fernandez-a-messi-tras-su-despedida\/","title":{"rendered":"\u00abQu\u00e9 suerte tuve, Leo\u00bb: la emotiva carta de Enzo Fern\u00e1ndez a Messi tras su despedida"},"content":{"rendered":"\n<p class=\"wp-block-paragraph\"><a href=\"https:\/\/www.futbolparatodos.com.ar\/noticias\/2026\/08\/31\/messi-se-despidio-de-la-seleccion-argentina-me-vacie\/\">La decisi\u00f3n de Lionel Messi de retirarse de la Selecci\u00f3n Argentina<\/a> gener\u00f3 una enorme repercusi\u00f3n entre sus compa\u00f1eros y figuras del f\u00fatbol argentino. <strong>Uno de los mensajes m\u00e1s emotivos fue el de Enzo Fern\u00e1ndez, quien le dedic\u00f3 una extensa carta al capit\u00e1n de la Albiceleste<\/strong> y record\u00f3 c\u00f3mo pas\u00f3 de admirarlo como \u00eddolo a compartir con \u00e9l una etapa inolvidable con la camiseta nacional.<\/p>\n\n\n\n<p class=\"wp-block-paragraph\">El mediocampista de 25 a\u00f1os <strong>cont\u00f3 que, cuando Messi hab\u00eda anunciado anteriormente su intenci\u00f3n de alejarse de la Selecci\u00f3n, \u00e9l todav\u00eda era un joven que so\u00f1aba con alg\u00fan d\u00eda poder coincidir en una cancha con su m\u00e1ximo referente<\/strong>. Incluso relat\u00f3 que hac\u00eda cuentas con las edades de ambos para imaginar si tendr\u00eda la posibilidad de llegar a jugar junto al rosarino.<\/p>\n\n\n\n<p class=\"wp-block-paragraph\">Ese deseo termin\u00f3 cumpli\u00e9ndose de una manera que super\u00f3 cualquier expectativa. <strong>Fern\u00e1ndez no solamente comparti\u00f3 partidos con Messi, sino tambi\u00e9n concentraciones, entrenamientos, vestuario y momentos decisivos con la Selecci\u00f3n<\/strong>. Juntos fueron campeones del mundo en Qatar 2022, un logro que qued\u00f3 como uno de los recuerdos m\u00e1s importantes de la carrera del volante.<\/p>\n\n\n\n<p class=\"wp-block-paragraph\">En su despedida, Enzo puso el foco especialmente en la persona detr\u00e1s del futbolista. <strong>Destac\u00f3 los gestos que Messi tuvo con \u00e9l desde su llegada al seleccionado y asegur\u00f3 que siempre recibi\u00f3 una palabra de apoyo, un consejo o un abrazo cuando lo necesitaba<\/strong>. Por eso, adem\u00e1s de lamentar la ausencia que tendr\u00e1 la Selecci\u00f3n a partir de ahora, eligi\u00f3 agradecerle por haberle permitido compartir una parte de su historia.<\/p>\n\n\n\n<h2 class=\"wp-block-heading\">La carta completa de Enzo Fern\u00e1ndez a Lionel Messi<\/h2>\n\n\n\n<blockquote class=\"wp-block-quote is-layout-flow wp-block-quote-is-layout-flow\">\n<p class=\"wp-block-paragraph\">Leo, cuando aquella vez dijiste que te ibas de la Selecci\u00f3n me puse muy triste.<\/p>\n\n\n\n<p class=\"wp-block-paragraph\">Yo era un pibe y hac\u00eda cuentas con tu edad y la m\u00eda para ver si alg\u00fan d\u00eda llegaba a jugar con vos. Parece una boludez, pero lo hac\u00eda de verdad: pensaba cu\u00e1ntos a\u00f1os te pod\u00edan quedar, cu\u00e1ntos me faltaban para llegar a Primera y so\u00f1aba con que, aunque fuera una vez, pudi\u00e9ramos coincidir con la camiseta de Argentina. Por suerte volviste.<\/p>\n\n\n\n<p class=\"wp-block-paragraph\">Y la vida termin\u00f3 siendo mucho m\u00e1s linda de lo que ese pibe pod\u00eda imaginar. No solo llegu\u00e9 a jugar con vos. Compartimos concentraciones, vestuario, charlas, abrazos, momentos dif\u00edciles, momentos incre\u00edbles y terminamos siendo campeones del mundo juntos. Pero, sobre todo, siempre voy a agradecerte c\u00f3mo fuiste conmigo desde que llegu\u00e9. Yo ven\u00eda con la ilusi\u00f3n de compartir cancha con mi \u00eddolo y me encontr\u00e9 con una persona que desde el primer momento me hizo sentir uno m\u00e1s. Siempre tuviste una palabra, un consejo, un abrazo o simplemente la forma de hacerme sentir tranquilo cuando lo necesitaba. Eso no me lo voy a olvidar nunca.<\/p>\n\n\n\n<p class=\"wp-block-paragraph\">Hoy me cuesta imaginar la pr\u00f3xima concentraci\u00f3n sin vos. Salir a la cancha y no verte adelante, con la 10. Fueron tantos a\u00f1os vi\u00e9ndote ah\u00ed que parece imposible pensarlo de otra manera.<\/p>\n\n\n\n<p class=\"wp-block-paragraph\">Qu\u00e9 suerte tuve, Leo.<\/p>\n\n\n\n<p class=\"wp-block-paragraph\">Qu\u00e9 suerte tuvo ese pibe que hac\u00eda cuentas sin saber si alg\u00fan d\u00eda iba a llegar a tiempo.<\/p>\n\n\n\n<p class=\"wp-block-paragraph\">Gracias por tratarme como me trataste, por todo lo que me ense\u00f1aste y por dejarme compartir una parte de tu historia.<\/p>\n\n\n\n<p class=\"wp-block-paragraph\">Te vamos a extra\u00f1ar mucho, capit\u00e1n.<\/p>\n<\/blockquote>\n","protected":false},"excerpt":{"rendered":"<p>La decisi\u00f3n de Lionel Messi de retirarse de la Selecci\u00f3n Argentina gener\u00f3 una enorme repercusi\u00f3n entre sus compa\u00f1eros y figuras del f\u00fatbol argentino. Uno de los mensajes m\u00e1s emotivos fue el de Enzo Fern\u00e1ndez, quien le dedic\u00f3 una extensa carta al capit\u00e1n de la Albiceleste y record\u00f3 c\u00f3mo pas\u00f3 de admirarlo como \u00eddolo a compartir [&hellip;]<\/p>\n","protected":false},"author":1,"featured_media":18762,"comment_status":"closed","ping_status":"open","sticky":false,"template":"","format":"standard","meta":{"footnotes":""},"categories":[5],"tags":[142,235],"class_list":["post-18761","post","type-post","status-publish","format-standard","has-post-thumbnail","hentry","category-seleccion-argentina","tag-enzo-fernandez","tag-lionel-messi"],"_links":{"self":[{"href":"https:\/\/www.futbolparatodos.com.ar\/noticias\/wp-json\/wp\/v2\/posts\/18761","targetHints":{"allow":["GET"]}}],"collection":[{"href":"https:\/\/www.futbolparatodos.com.ar\/noticias\/wp-json\/wp\/v2\/posts"}],"about":[{"href":"https:\/\/www.futbolparatodos.com.ar\/noticias\/wp-json\/wp\/v2\/types\/post"}],"author":[{"embeddable":true,"href":"https:\/\/www.futbolparatodos.com.ar\/noticias\/wp-json\/wp\/v2\/users\/1"}],"replies":[{"embeddable":true,"href":"https:\/\/www.futbolparatodos.com.ar\/noticias\/wp-json\/wp\/v2\/comments?post=18761"}],"version-history":[{"count":2,"href":"https:\/\/www.futbolparatodos.com.ar\/noticias\/wp-json\/wp\/v2\/posts\/18761\/revisions"}],"predecessor-version":[{"id":18764,"href":"https:\/\/www.futbolparatodos.com.ar\/noticias\/wp-json\/wp\/v2\/posts\/18761\/revisions\/18764"}],"wp:featuredmedia":[{"embeddable":true,"href":"https:\/\/www.futbolparatodos.com.ar\/noticias\/wp-json\/wp\/v2\/media\/18762"}],"wp:attachment":[{"href":"https:\/\/www.futbolparatodos.com.ar\/noticias\/wp-json\/wp\/v2\/media?parent=18761"}],"wp:term":[{"taxonomy":"category","embeddable":true,"href":"https:\/\/www.futbolparatodos.com.ar\/noticias\/wp-json\/wp\/v2\/categories?post=18761"},{"taxonomy":"post_tag","embeddable":true,"href":"https:\/\/www.futbolparatodos.com.ar\/noticias\/wp-json\/wp\/v2\/tags?post=18761"}],"curies":[{"name":"wp","href":"https:\/\/api.w.org\/{rel}","templated":true}]}}