{"id":18767,"date":"2026-08-31T23:44:38","date_gmt":"2026-08-31T21:44:38","guid":{"rendered":"https:\/\/www.futbolparatodos.com.ar\/noticias\/?p=18767"},"modified":"2026-08-31T23:44:39","modified_gmt":"2026-08-31T21:44:39","slug":"se-confirmo-el-futuro-de-julian-alvarez-en-atletico-de-madrid","status":"publish","type":"post","link":"https:\/\/www.futbolparatodos.com.ar\/noticias\/2026\/08\/31\/se-confirmo-el-futuro-de-julian-alvarez-en-atletico-de-madrid\/","title":{"rendered":"Se confirm\u00f3 el futuro de Juli\u00e1n \u00c1lvarez en Atl\u00e9tico de Madrid"},"content":{"rendered":"\n<p class=\"wp-block-paragraph\"><strong>La novela sobre el futuro de Juli\u00e1n \u00c1lvarez lleg\u00f3 a su fin en este mercado de pases: el delantero argentino continuar\u00e1 en Atl\u00e9tico de Madrid<\/strong>, al menos durante los pr\u00f3ximos seis meses. Luego de distintas versiones sobre una posible salida, la situaci\u00f3n qued\u00f3 definida y <strong>el futbolista seguir\u00e1 formando parte del plantel dirigido por Diego Simeone<\/strong>.<\/p>\n\n\n\n<p class=\"wp-block-paragraph\">El inter\u00e9s de Barcelona hab\u00eda generado expectativas sobre un posible cambio de club, pero <strong>Atl\u00e9tico de Madrid mantuvo su postura de no negociar con el conjunto catal\u00e1n<\/strong>. A esto se sum\u00f3 que \u00c1lvarez tampoco contemplaba regresar a la Premier League, por lo que finalmente permaneci\u00f3 en el equipo espa\u00f1ol.<\/p>\n\n\n\n<p class=\"wp-block-paragraph\">Ahora, <strong>la Ara\u00f1a tendr\u00e1 el desaf\u00edo de recuperar protagonismo dentro del conjunto madrile\u00f1o<\/strong>. El argentino ya volvi\u00f3 a entrenarse con sus compa\u00f1eros y buscar\u00e1 ganarse nuevamente un lugar entre los titulares, despu\u00e9s de haber tenido una participaci\u00f3n limitada en el comienzo de la temporada.<\/p>\n\n\n\n<p class=\"wp-block-paragraph\">La relaci\u00f3n con los hinchas tambi\u00e9n ser\u00e1 un aspecto importante para \u00c1lvarez. <strong>En su \u00faltima aparici\u00f3n recibi\u00f3 silbidos y hubo reclamos desde las tribunas para que abandonara el club<\/strong>. Mientras tanto, Atl\u00e9tico de Madrid mantiene una elevada valoraci\u00f3n del delantero y, <strong>pensando en una posible negociaci\u00f3n futura, pretende 150 millones de euros por su salida<\/strong>, adem\u00e1s de evitar reforzar a un rival directo como Barcelona.<\/p>\n","protected":false},"excerpt":{"rendered":"<p>La novela sobre el futuro de Juli\u00e1n \u00c1lvarez lleg\u00f3 a su fin en este mercado de pases: el delantero argentino continuar\u00e1 en Atl\u00e9tico de Madrid, al menos durante los pr\u00f3ximos seis meses. Luego de distintas versiones sobre una posible salida, la situaci\u00f3n qued\u00f3 definida y el futbolista seguir\u00e1 formando parte del plantel dirigido por Diego [&hellip;]<\/p>\n","protected":false},"author":1,"featured_media":18620,"comment_status":"closed","ping_status":"open","sticky":false,"template":"","format":"standard","meta":{"footnotes":""},"categories":[29],"tags":[562,128],"class_list":["post-18767","post","type-post","status-publish","format-standard","has-post-thumbnail","hentry","category-internacional","tag-diego-simeone","tag-julian-alvarez"],"_links":{"self":[{"href":"https:\/\/www.futbolparatodos.com.ar\/noticias\/wp-json\/wp\/v2\/posts\/18767","targetHints":{"allow":["GET"]}}],"collection":[{"href":"https:\/\/www.futbolparatodos.com.ar\/noticias\/wp-json\/wp\/v2\/posts"}],"about":[{"href":"https:\/\/www.futbolparatodos.com.ar\/noticias\/wp-json\/wp\/v2\/types\/post"}],"author":[{"embeddable":true,"href":"https:\/\/www.futbolparatodos.com.ar\/noticias\/wp-json\/wp\/v2\/users\/1"}],"replies":[{"embeddable":true,"href":"https:\/\/www.futbolparatodos.com.ar\/noticias\/wp-json\/wp\/v2\/comments?post=18767"}],"version-history":[{"count":1,"href":"https:\/\/www.futbolparatodos.com.ar\/noticias\/wp-json\/wp\/v2\/posts\/18767\/revisions"}],"predecessor-version":[{"id":18768,"href":"https:\/\/www.futbolparatodos.com.ar\/noticias\/wp-json\/wp\/v2\/posts\/18767\/revisions\/18768"}],"wp:featuredmedia":[{"embeddable":true,"href":"https:\/\/www.futbolparatodos.com.ar\/noticias\/wp-json\/wp\/v2\/media\/18620"}],"wp:attachment":[{"href":"https:\/\/www.futbolparatodos.com.ar\/noticias\/wp-json\/wp\/v2\/media?parent=18767"}],"wp:term":[{"taxonomy":"category","embeddable":true,"href":"https:\/\/www.futbolparatodos.com.ar\/noticias\/wp-json\/wp\/v2\/categories?post=18767"},{"taxonomy":"post_tag","embeddable":true,"href":"https:\/\/www.futbolparatodos.com.ar\/noticias\/wp-json\/wp\/v2\/tags?post=18767"}],"curies":[{"name":"wp","href":"https:\/\/api.w.org\/{rel}","templated":true}]}}