{"id":18772,"date":"2026-09-01T03:21:23","date_gmt":"2026-09-01T01:21:23","guid":{"rendered":"https:\/\/www.futbolparatodos.com.ar\/noticias\/?p=18772"},"modified":"2026-09-01T03:21:23","modified_gmt":"2026-09-01T01:21:23","slug":"malas-noticias-para-ponzio-giorgio-costantini-sufrio-otra-grave-lesion-en-river","status":"publish","type":"post","link":"https:\/\/www.futbolparatodos.com.ar\/noticias\/2026\/09\/01\/malas-noticias-para-ponzio-giorgio-costantini-sufrio-otra-grave-lesion-en-river\/","title":{"rendered":"Malas noticias para Ponzio: Giorgio Costantini sufri\u00f3 otra grave lesi\u00f3n en River"},"content":{"rendered":"\n<p class=\"wp-block-paragraph\">River recibi\u00f3 una dura noticia en las \u00faltimas horas: <strong>Giorgio Costantini sufri\u00f3 una nueva rotura de ligamentos cruzados, esta vez en la otra rodilla, cuando se encontraba en plena recuperaci\u00f3n y buscando volver a sumar minutos<\/strong>. El juvenil brasile\u00f1o, que ya hab\u00eda atravesado una lesi\u00f3n similar en septiembre de 2025, deber\u00e1 afrontar nuevamente un extenso proceso de rehabilitaci\u00f3n.<\/p>\n\n\n\n<p class=\"wp-block-paragraph\"><strong>Costantini hab\u00eda logrado regresar a la actividad despu\u00e9s de varios meses de recuperaci\u00f3n<\/strong> y lleg\u00f3 a disputar cuatro encuentros con la Reserva de River. Sin embargo, durante un entrenamiento sufri\u00f3 la nueva lesi\u00f3n que volvi\u00f3 a frenar su progresi\u00f3n. <strong>La intervenci\u00f3n quir\u00fargica est\u00e1 prevista para el pr\u00f3ximo viernes<\/strong> y, de acuerdo con los plazos estimados, su regreso a las canchas podr\u00eda producirse dentro de ocho o nueve meses.<\/p>\n\n\n\n<p class=\"wp-block-paragraph\">La situaci\u00f3n representa un duro golpe para el futbolista, que ya <strong>hab\u00eda tenido la posibilidad de jugar en la Primera de River durante 2025 bajo la conducci\u00f3n de Marcelo Gallardo<\/strong>. El brasile\u00f1o sum\u00f3 minutos frente a Atl\u00e9tico Tucum\u00e1n y Lan\u00fas por competencias locales, adem\u00e1s de haber ingresado en el encuentro ante Inter de Mil\u00e1n correspondiente al Mundial de Clubes. <strong>Ahora deber\u00e1 comenzar otra etapa de recuperaci\u00f3n para intentar retomar su carrera<\/strong>.<\/p>\n\n\n\n<p class=\"wp-block-paragraph\">Para Leonardo Ponzio, que asumi\u00f3 como entrenador interino de River, la noticia se suma a un contexto en el que el club tambi\u00e9n trabaja en la conformaci\u00f3n de su plantel para lo que resta de la temporada. <strong>Costantini tendr\u00e1 por delante varios meses de rehabilitaci\u00f3n antes de volver a competir<\/strong> y el objetivo ser\u00e1 acompa\u00f1arlo durante todo el proceso para que pueda regresar en las mejores condiciones posibles.<\/p>\n","protected":false},"excerpt":{"rendered":"<p>River recibi\u00f3 una dura noticia en las \u00faltimas horas: Giorgio Costantini sufri\u00f3 una nueva rotura de ligamentos cruzados, esta vez en la otra rodilla, cuando se encontraba en plena recuperaci\u00f3n y buscando volver a sumar minutos. El juvenil brasile\u00f1o, que ya hab\u00eda atravesado una lesi\u00f3n similar en septiembre de 2025, deber\u00e1 afrontar nuevamente un extenso [&hellip;]<\/p>\n","protected":false},"author":1,"featured_media":18773,"comment_status":"closed","ping_status":"open","sticky":false,"template":"","format":"standard","meta":{"footnotes":""},"categories":[13],"tags":[434,265,166],"class_list":["post-18772","post","type-post","status-publish","format-standard","has-post-thumbnail","hentry","category-river-plate","tag-giorgio-costantini","tag-leonardo-ponzio","tag-lesion"],"_links":{"self":[{"href":"https:\/\/www.futbolparatodos.com.ar\/noticias\/wp-json\/wp\/v2\/posts\/18772","targetHints":{"allow":["GET"]}}],"collection":[{"href":"https:\/\/www.futbolparatodos.com.ar\/noticias\/wp-json\/wp\/v2\/posts"}],"about":[{"href":"https:\/\/www.futbolparatodos.com.ar\/noticias\/wp-json\/wp\/v2\/types\/post"}],"author":[{"embeddable":true,"href":"https:\/\/www.futbolparatodos.com.ar\/noticias\/wp-json\/wp\/v2\/users\/1"}],"replies":[{"embeddable":true,"href":"https:\/\/www.futbolparatodos.com.ar\/noticias\/wp-json\/wp\/v2\/comments?post=18772"}],"version-history":[{"count":1,"href":"https:\/\/www.futbolparatodos.com.ar\/noticias\/wp-json\/wp\/v2\/posts\/18772\/revisions"}],"predecessor-version":[{"id":18774,"href":"https:\/\/www.futbolparatodos.com.ar\/noticias\/wp-json\/wp\/v2\/posts\/18772\/revisions\/18774"}],"wp:featuredmedia":[{"embeddable":true,"href":"https:\/\/www.futbolparatodos.com.ar\/noticias\/wp-json\/wp\/v2\/media\/18773"}],"wp:attachment":[{"href":"https:\/\/www.futbolparatodos.com.ar\/noticias\/wp-json\/wp\/v2\/media?parent=18772"}],"wp:term":[{"taxonomy":"category","embeddable":true,"href":"https:\/\/www.futbolparatodos.com.ar\/noticias\/wp-json\/wp\/v2\/categories?post=18772"},{"taxonomy":"post_tag","embeddable":true,"href":"https:\/\/www.futbolparatodos.com.ar\/noticias\/wp-json\/wp\/v2\/tags?post=18772"}],"curies":[{"name":"wp","href":"https:\/\/api.w.org\/{rel}","templated":true}]}}