{"id":18775,"date":"2026-09-01T18:16:12","date_gmt":"2026-09-01T16:16:12","guid":{"rendered":"https:\/\/www.futbolparatodos.com.ar\/noticias\/?p=18775"},"modified":"2026-09-01T18:24:05","modified_gmt":"2026-09-01T16:24:05","slug":"sorpresa-en-river-oferto-por-un-defensor-y-que-respondio-el-club-dueno-de-su-pase","status":"publish","type":"post","link":"https:\/\/www.futbolparatodos.com.ar\/noticias\/2026\/09\/01\/sorpresa-en-river-oferto-por-un-defensor-y-que-respondio-el-club-dueno-de-su-pase\/","title":{"rendered":"Sorpresa en River: ofert\u00f3 por un defensor y qu\u00e9 respondi\u00f3 el club due\u00f1o de su pase"},"content":{"rendered":"\n<p class=\"wp-block-paragraph\"><strong>River contin\u00faa trabajando contrarreloj para reforzar la defensa antes del cierre del mercado de pases y en las \u00faltimas horas surgi\u00f3 una alternativa que hasta ahora se hab\u00eda mantenido fuera de escena: Willer Ditta<\/strong>. El marcador central colombiano, de 28 a\u00f1os, fue buscado por el Millonario, que avanz\u00f3 r\u00e1pidamente y <strong>present\u00f3 una propuesta cercana a los seis millones de d\u00f3lares<\/strong>. Sin embargo, l<strong>a respuesta de Cruz Azul fue negativa<\/strong> y el club mexicano dej\u00f3 en claro que no est\u00e1 dispuesto a desprenderse del futbolista por ese monto.<\/p>\n\n\n<div class=\"wp-block-image\">\n<figure class=\"aligncenter size-full\"><img loading=\"lazy\" decoding=\"async\" width=\"453\" height=\"387\" src=\"https:\/\/www.futbolparatodos.com.ar\/noticias\/wp-content\/uploads\/2026\/09\/willer-ditta-en-la-seleccion-colombiana.jpg\" alt=\"Willer Ditta en la selecci\u00f3n colombiana (Foto: willerditta4)\" class=\"wp-image-18779\" srcset=\"https:\/\/www.futbolparatodos.com.ar\/noticias\/wp-content\/uploads\/2026\/09\/willer-ditta-en-la-seleccion-colombiana.jpg 453w, https:\/\/www.futbolparatodos.com.ar\/noticias\/wp-content\/uploads\/2026\/09\/willer-ditta-en-la-seleccion-colombiana-300x256.jpg 300w\" sizes=\"auto, (max-width: 453px) 100vw, 453px\" \/><figcaption class=\"wp-element-caption\">Willer Ditta en la selecci\u00f3n colombiana (Foto: willerditta4)<\/figcaption><\/figure>\n<\/div>\n\n\n<p class=\"wp-block-paragraph\">La instituci\u00f3n mexicana <strong>pretende una cifra considerablemente superior para evaluar la salida del defensor: alrededor de nueve millones de d\u00f3lares<\/strong>. La postura de Cruz Azul se explica, entre otros motivos, por la importancia que tiene Ditta dentro de su plantel y por el escaso tiempo disponible para encontrar un reemplazante si finalmente se concreta una transferencia. De esta manera, <strong>las pretensiones econ\u00f3micas quedaron bastante alejadas de la oferta realizada desde N\u00fa\u00f1ez<\/strong> y, por el momento, las conversaciones se encuentran estancadas.<\/p>\n\n\n\n<p class=\"wp-block-paragraph\"><strong>Ditta es un futbolista que conoce el f\u00fatbol argentino, ya que anteriormente defendi\u00f3 la camiseta de Newell\u2019s<\/strong>, y adem\u00e1s viene de formar parte del seleccionado colombiano que disput\u00f3 el Mundial. Su eventual llegada aparece en un contexto particular para River, que necesita sumar una pieza en la zaga y tiene como l\u00edmite el mi\u00e9rcoles 2 de septiembre para realizar incorporaciones. El escenario genera mayor presi\u00f3n sobre el Millonario, especialmente por el poco margen de tiempo que queda para alcanzar un acuerdo y resolver una de las necesidades del plantel.<\/p>\n\n\n\n<p class=\"wp-block-paragraph\">M\u00e1s all\u00e1 de la situaci\u00f3n con Ditta, <a href=\"https:\/\/www.futbolparatodos.com.ar\/noticias\/2026\/08\/29\/mercado-de-pases-river-le-quiere-sacar-a-boca-a-francisco-alvarez\/\">Francisco \u00c1lvarez contin\u00faa siendo la principal prioridad para River<\/a>. <strong>El defensor de Argentinos Juniors tambi\u00e9n es seguido por Boca, aunque el Millonario ya mantuvo contactos con el club de La Paternal para conocer las condiciones de una posible transferencia<\/strong>. En N\u00fa\u00f1ez consideran que su incorporaci\u00f3n podr\u00eda rondar los cinco millones de d\u00f3lares. Mientras tanto, <strong>la negociaci\u00f3n por Ditta permanece detenida y River deber\u00e1 definir en las pr\u00f3ximas horas si mejora su propuesta por el colombiano<\/strong> o concentra sus esfuerzos en avanzar por \u00c1lvarez antes del cierre del mercado.<\/p>\n","protected":false},"excerpt":{"rendered":"<p>River contin\u00faa trabajando contrarreloj para reforzar la defensa antes del cierre del mercado de pases y en las \u00faltimas horas surgi\u00f3 una alternativa que hasta ahora se hab\u00eda mantenido fuera de escena: Willer Ditta. El marcador central colombiano, de 28 a\u00f1os, fue buscado por el Millonario, que avanz\u00f3 r\u00e1pidamente y present\u00f3 una propuesta cercana a [&hellip;]<\/p>\n","protected":false},"author":1,"featured_media":18777,"comment_status":"closed","ping_status":"open","sticky":false,"template":"","format":"standard","meta":{"footnotes":""},"categories":[13],"tags":[111,585,816],"class_list":["post-18775","post","type-post","status-publish","format-standard","has-post-thumbnail","hentry","category-river-plate","tag-mercado-de-pases","tag-stefano-di-carlo","tag-willer-ditta"],"_links":{"self":[{"href":"https:\/\/www.futbolparatodos.com.ar\/noticias\/wp-json\/wp\/v2\/posts\/18775","targetHints":{"allow":["GET"]}}],"collection":[{"href":"https:\/\/www.futbolparatodos.com.ar\/noticias\/wp-json\/wp\/v2\/posts"}],"about":[{"href":"https:\/\/www.futbolparatodos.com.ar\/noticias\/wp-json\/wp\/v2\/types\/post"}],"author":[{"embeddable":true,"href":"https:\/\/www.futbolparatodos.com.ar\/noticias\/wp-json\/wp\/v2\/users\/1"}],"replies":[{"embeddable":true,"href":"https:\/\/www.futbolparatodos.com.ar\/noticias\/wp-json\/wp\/v2\/comments?post=18775"}],"version-history":[{"count":2,"href":"https:\/\/www.futbolparatodos.com.ar\/noticias\/wp-json\/wp\/v2\/posts\/18775\/revisions"}],"predecessor-version":[{"id":18780,"href":"https:\/\/www.futbolparatodos.com.ar\/noticias\/wp-json\/wp\/v2\/posts\/18775\/revisions\/18780"}],"wp:featuredmedia":[{"embeddable":true,"href":"https:\/\/www.futbolparatodos.com.ar\/noticias\/wp-json\/wp\/v2\/media\/18777"}],"wp:attachment":[{"href":"https:\/\/www.futbolparatodos.com.ar\/noticias\/wp-json\/wp\/v2\/media?parent=18775"}],"wp:term":[{"taxonomy":"category","embeddable":true,"href":"https:\/\/www.futbolparatodos.com.ar\/noticias\/wp-json\/wp\/v2\/categories?post=18775"},{"taxonomy":"post_tag","embeddable":true,"href":"https:\/\/www.futbolparatodos.com.ar\/noticias\/wp-json\/wp\/v2\/tags?post=18775"}],"curies":[{"name":"wp","href":"https:\/\/api.w.org\/{rel}","templated":true}]}}