{"id":18781,"date":"2026-09-01T19:25:32","date_gmt":"2026-09-01T17:25:32","guid":{"rendered":"https:\/\/www.futbolparatodos.com.ar\/noticias\/?p=18781"},"modified":"2026-09-01T19:25:32","modified_gmt":"2026-09-01T17:25:32","slug":"arruabarrena-dio-la-lista-de-boca-para-enfrentar-a-velez-dos-novedades-importantes","status":"publish","type":"post","link":"https:\/\/www.futbolparatodos.com.ar\/noticias\/2026\/09\/01\/arruabarrena-dio-la-lista-de-boca-para-enfrentar-a-velez-dos-novedades-importantes\/","title":{"rendered":"Arruabarrena dio la lista de Boca para enfrentar a V\u00e9lez: dos novedades importantes"},"content":{"rendered":"\n<p class=\"wp-block-paragraph\"><strong>Rodolfo Arruabarrena confirm\u00f3 la lista de convocados de Boca para el partido de este mi\u00e9rcoles frente a V\u00e9lez<\/strong>, por los octavos de final de la <a href=\"https:\/\/www.futbolparatodos.com.ar\/copa-argentina\">Copa Argentina<\/a>. <strong>La principal novedad pasa por los regresos de Leandro Lozano y Leandro Paredes<\/strong>, quienes se encaminan a recuperar la titularidad despu\u00e9s de diferentes situaciones que los hab\u00edan dejado fuera del equipo.<\/p>\n\n\n\n<p class=\"wp-block-paragraph\">Lozano ya est\u00e1 recuperado de la distensi\u00f3n en los isquiotibiales de la pierna izquierda y volver\u00e1 a estar a disposici\u00f3n, mientras que Paredes sum\u00f3 minutos ante Lan\u00fas luego de su regreso y ahora se perfila para comenzar desde el arranque. <strong>Marco Pellegrino tambi\u00e9n fue convocado tras superar su lesi\u00f3n, aunque todo indica que deber\u00e1 esperar en el banco de suplentes<\/strong>.<\/p>\n\n\n<div class=\"wp-block-image\">\n<figure class=\"aligncenter size-full\"><img loading=\"lazy\" decoding=\"async\" width=\"744\" height=\"810\" src=\"https:\/\/www.futbolparatodos.com.ar\/noticias\/wp-content\/uploads\/2026\/09\/convocados-boca-vs-velez-por-copa-argentina-2026.jpg\" alt=\"Los convocados de Boca vs. V\u00e9lez por Copa Argentina 2026\" class=\"wp-image-18782\" srcset=\"https:\/\/www.futbolparatodos.com.ar\/noticias\/wp-content\/uploads\/2026\/09\/convocados-boca-vs-velez-por-copa-argentina-2026.jpg 744w, https:\/\/www.futbolparatodos.com.ar\/noticias\/wp-content\/uploads\/2026\/09\/convocados-boca-vs-velez-por-copa-argentina-2026-276x300.jpg 276w\" sizes=\"auto, (max-width: 744px) 100vw, 744px\" \/><figcaption class=\"wp-element-caption\">Los convocados de Boca vs. V\u00e9lez por Copa Argentina 2026<\/figcaption><\/figure>\n<\/div>\n\n\n<p class=\"wp-block-paragraph\"><strong>Entre los citados tambi\u00e9n aparece Lautaro Bianco<\/strong>, quien tendr\u00e1 su primera convocatoria con el plantel de Primera. Arruabarrena todav\u00eda debe terminar de definir algunos detalles, pero <strong>Boca ya tiene todo listo para viajar a C\u00f3rdoba y buscar el pase a los cuartos de final de la Copa Argentina<\/strong>.<\/p>\n","protected":false},"excerpt":{"rendered":"<p>Rodolfo Arruabarrena confirm\u00f3 la lista de convocados de Boca para el partido de este mi\u00e9rcoles frente a V\u00e9lez, por los octavos de final de la Copa Argentina. La principal novedad pasa por los regresos de Leandro Lozano y Leandro Paredes, quienes se encaminan a recuperar la titularidad despu\u00e9s de diferentes situaciones que los hab\u00edan dejado [&hellip;]<\/p>\n","protected":false},"author":1,"featured_media":17940,"comment_status":"closed","ping_status":"open","sticky":false,"template":"","format":"standard","meta":{"footnotes":""},"categories":[7,15],"tags":[421,319],"class_list":["post-18781","post","type-post","status-publish","format-standard","has-post-thumbnail","hentry","category-boca-juniors","category-copa-argentina","tag-convocados","tag-rodolfo-arruabarrena"],"_links":{"self":[{"href":"https:\/\/www.futbolparatodos.com.ar\/noticias\/wp-json\/wp\/v2\/posts\/18781","targetHints":{"allow":["GET"]}}],"collection":[{"href":"https:\/\/www.futbolparatodos.com.ar\/noticias\/wp-json\/wp\/v2\/posts"}],"about":[{"href":"https:\/\/www.futbolparatodos.com.ar\/noticias\/wp-json\/wp\/v2\/types\/post"}],"author":[{"embeddable":true,"href":"https:\/\/www.futbolparatodos.com.ar\/noticias\/wp-json\/wp\/v2\/users\/1"}],"replies":[{"embeddable":true,"href":"https:\/\/www.futbolparatodos.com.ar\/noticias\/wp-json\/wp\/v2\/comments?post=18781"}],"version-history":[{"count":1,"href":"https:\/\/www.futbolparatodos.com.ar\/noticias\/wp-json\/wp\/v2\/posts\/18781\/revisions"}],"predecessor-version":[{"id":18783,"href":"https:\/\/www.futbolparatodos.com.ar\/noticias\/wp-json\/wp\/v2\/posts\/18781\/revisions\/18783"}],"wp:featuredmedia":[{"embeddable":true,"href":"https:\/\/www.futbolparatodos.com.ar\/noticias\/wp-json\/wp\/v2\/media\/17940"}],"wp:attachment":[{"href":"https:\/\/www.futbolparatodos.com.ar\/noticias\/wp-json\/wp\/v2\/media?parent=18781"}],"wp:term":[{"taxonomy":"category","embeddable":true,"href":"https:\/\/www.futbolparatodos.com.ar\/noticias\/wp-json\/wp\/v2\/categories?post=18781"},{"taxonomy":"post_tag","embeddable":true,"href":"https:\/\/www.futbolparatodos.com.ar\/noticias\/wp-json\/wp\/v2\/tags?post=18781"}],"curies":[{"name":"wp","href":"https:\/\/api.w.org\/{rel}","templated":true}]}}