{"id":18784,"date":"2026-09-01T20:35:46","date_gmt":"2026-09-01T18:35:46","guid":{"rendered":"https:\/\/www.futbolparatodos.com.ar\/noticias\/?p=18784"},"modified":"2026-09-01T20:35:46","modified_gmt":"2026-09-01T18:35:46","slug":"paredes-hablo-del-retiro-de-messi-y-puso-en-duda-su-continuidad-en-la-seleccion-va-a-ser-dificil-que-siga","status":"publish","type":"post","link":"https:\/\/www.futbolparatodos.com.ar\/noticias\/2026\/09\/01\/paredes-hablo-del-retiro-de-messi-y-puso-en-duda-su-continuidad-en-la-seleccion-va-a-ser-dificil-que-siga\/","title":{"rendered":"Paredes habl\u00f3 del retiro de Messi y puso en duda su continuidad en la Selecci\u00f3n: \u201cVa a ser dif\u00edcil que siga\u201d"},"content":{"rendered":"\n<p class=\"wp-block-paragraph\">La noticia del <a href=\"https:\/\/www.futbolparatodos.com.ar\/noticias\/2026\/08\/31\/messi-se-despidio-de-la-seleccion-argentina-me-vacie\/\">retiro de Lionel Messi de la Selecci\u00f3n Argentina<\/a> <strong>gener\u00f3 un fuerte impacto dentro del plantel y Leandro Paredes no fue la excepci\u00f3n<\/strong>. El mediocampista y capit\u00e1n de Boca <strong>se refiri\u00f3 a la decisi\u00f3n de su compa\u00f1ero y reconoci\u00f3 que todav\u00eda resulta dif\u00edcil asimilar que la Pulga no vuelva a vestir la camiseta albiceleste<\/strong>. En conferencia de prensa, destac\u00f3 especialmente todo lo que Messi construy\u00f3 durante su carrera con el seleccionado: <strong>\u201cSeguramente, como puse ayer en mi Instagram, el legado de \u00e9l va a quedar para siempre por lo que dej\u00f3, por no rendirse nunca y por demostrar que los sue\u00f1os se sufren, se persiguen y al final se cumplen\u201d<\/strong>.<\/p>\n\n\n\n<p class=\"wp-block-paragraph\">Paredes tambi\u00e9n cont\u00f3 que dentro del grupo ya exist\u00eda la sensaci\u00f3n de que la final del Mundial pod\u00eda marcar el cierre de la etapa de Messi con Argentina, aunque admiti\u00f3 que la confirmaci\u00f3n igualmente tom\u00f3 por sorpresa a los futbolistas. <strong>\u201cSiempre queremos jugar con \u00e9l, tenerlo al lado, pero tom\u00f3 una decisi\u00f3n que no quer\u00edamos que llegue. Hab\u00edamos hablado en los \u00faltimos d\u00edas del Mundial que seguramente la final era su \u00faltimo partido, pero igual no est\u00e1bamos preparados para eso por lo que significa \u00e9l para nosotros\u201d<\/strong>, expres\u00f3 el volante de 32 a\u00f1os, quien comparti\u00f3 con el capit\u00e1n varios de los momentos m\u00e1s importantes de la historia reciente de la Albiceleste.<\/p>\n\n\n\n<p class=\"wp-block-paragraph\">Pero las declaraciones de Paredes no se limitaron a Messi. <strong>El futbolista de Boca tambi\u00e9n dej\u00f3 abierta la posibilidad de que su propio ciclo en la Selecci\u00f3n pueda llegar a su fin<\/strong>. La situaci\u00f3n est\u00e1 atravesada por la suspensi\u00f3n que recibi\u00f3 de la FIFA luego de los incidentes protagonizados tras la final del Mundial ante Espa\u00f1a, sanci\u00f3n que podr\u00eda impedirle participar durante varios partidos. <strong>\u201cVa a ser dif\u00edcil que yo siga en la Selecci\u00f3n. Por todo: por lo que dije en su momento, por la suspensi\u00f3n tambi\u00e9n, por la decisi\u00f3n de Leo&#8230; Va a ser dif\u00edcil que siga todo funcionando igual\u201d<\/strong>, manifest\u00f3. Y agreg\u00f3: <strong>\u201cNo lo habl\u00e9 con el entrenador, pero lo hablaremos y veremos la decisi\u00f3n que tome\u201d<\/strong>.<\/p>\n\n\n\n<p class=\"wp-block-paragraph\">Mientras espera resolver qu\u00e9 ocurrir\u00e1 con su futuro internacional, Paredes tiene un compromiso inmediato con Boca. <strong>El mediocampista se prepara para disputar este mi\u00e9rcoles los octavos de final de la Copa Argentina frente a V\u00e9lez, en el estadio Mario Alberto Kempes de C\u00f3rdoba, desde las 21.15<\/strong>. El encuentro marcar\u00e1 otro desaf\u00edo para el equipo de Rodolfo Arruabarrena, que buscar\u00e1 avanzar en el certamen, mientras su capit\u00e1n atraviesa un momento particular despu\u00e9s de poner en duda p\u00fablicamente su continuidad con la camiseta de la Selecci\u00f3n Argentina.<\/p>\n","protected":false},"excerpt":{"rendered":"<p>La noticia del retiro de Lionel Messi de la Selecci\u00f3n Argentina gener\u00f3 un fuerte impacto dentro del plantel y Leandro Paredes no fue la excepci\u00f3n. El mediocampista y capit\u00e1n de Boca se refiri\u00f3 a la decisi\u00f3n de su compa\u00f1ero y reconoci\u00f3 que todav\u00eda resulta dif\u00edcil asimilar que la Pulga no vuelva a vestir la camiseta [&hellip;]<\/p>\n","protected":false},"author":1,"featured_media":17902,"comment_status":"closed","ping_status":"open","sticky":false,"template":"","format":"standard","meta":{"footnotes":""},"categories":[5],"tags":[325,235],"class_list":["post-18784","post","type-post","status-publish","format-standard","has-post-thumbnail","hentry","category-seleccion-argentina","tag-leandro-paredes","tag-lionel-messi"],"_links":{"self":[{"href":"https:\/\/www.futbolparatodos.com.ar\/noticias\/wp-json\/wp\/v2\/posts\/18784","targetHints":{"allow":["GET"]}}],"collection":[{"href":"https:\/\/www.futbolparatodos.com.ar\/noticias\/wp-json\/wp\/v2\/posts"}],"about":[{"href":"https:\/\/www.futbolparatodos.com.ar\/noticias\/wp-json\/wp\/v2\/types\/post"}],"author":[{"embeddable":true,"href":"https:\/\/www.futbolparatodos.com.ar\/noticias\/wp-json\/wp\/v2\/users\/1"}],"replies":[{"embeddable":true,"href":"https:\/\/www.futbolparatodos.com.ar\/noticias\/wp-json\/wp\/v2\/comments?post=18784"}],"version-history":[{"count":1,"href":"https:\/\/www.futbolparatodos.com.ar\/noticias\/wp-json\/wp\/v2\/posts\/18784\/revisions"}],"predecessor-version":[{"id":18785,"href":"https:\/\/www.futbolparatodos.com.ar\/noticias\/wp-json\/wp\/v2\/posts\/18784\/revisions\/18785"}],"wp:featuredmedia":[{"embeddable":true,"href":"https:\/\/www.futbolparatodos.com.ar\/noticias\/wp-json\/wp\/v2\/media\/17902"}],"wp:attachment":[{"href":"https:\/\/www.futbolparatodos.com.ar\/noticias\/wp-json\/wp\/v2\/media?parent=18784"}],"wp:term":[{"taxonomy":"category","embeddable":true,"href":"https:\/\/www.futbolparatodos.com.ar\/noticias\/wp-json\/wp\/v2\/categories?post=18784"},{"taxonomy":"post_tag","embeddable":true,"href":"https:\/\/www.futbolparatodos.com.ar\/noticias\/wp-json\/wp\/v2\/tags?post=18784"}],"curies":[{"name":"wp","href":"https:\/\/api.w.org\/{rel}","templated":true}]}}