{"id":18786,"date":"2026-09-01T21:25:42","date_gmt":"2026-09-01T19:25:42","guid":{"rendered":"https:\/\/www.futbolparatodos.com.ar\/noticias\/?p=18786"},"modified":"2026-09-01T21:26:47","modified_gmt":"2026-09-01T19:26:47","slug":"enzo-fernandez-fue-vendido-al-manchester-city-y-river-recibira-una-importante-suma","status":"publish","type":"post","link":"https:\/\/www.futbolparatodos.com.ar\/noticias\/2026\/09\/01\/enzo-fernandez-fue-vendido-al-manchester-city-y-river-recibira-una-importante-suma\/","title":{"rendered":"Enzo Fern\u00e1ndez fue vendido al Manchester City y River recibir\u00e1 una importante suma"},"content":{"rendered":"\n<p class=\"wp-block-paragraph\">En el cierre del <a href=\"https:\/\/www.futbolparatodos.com.ar\/noticias\/tag\/mercado-de-pases\/\">mercado de pases<\/a> de la Premier League, <strong>Enzo Fern\u00e1ndez se convirti\u00f3 en nuevo jugador del Manchester City luego de que Chelsea acordara su transferencia por 145 millones de euros<\/strong>. El mediocampista argentino volver\u00e1 a trabajar bajo las \u00f3rdenes de Enzo Maresca, quien ya lo dirigi\u00f3 durante su etapa en el conjunto londinense. <strong>El exjugador de River firmar\u00e1 un contrato de seis a\u00f1os y afrontar\u00e1 una nueva etapa en uno de los grandes equipos del f\u00fatbol ingl\u00e9s<\/strong>.<\/p>\n\n\n\n<p class=\"wp-block-paragraph\">La operaci\u00f3n se concret\u00f3 despu\u00e9s de varios d\u00edas de conversaciones entre ambos clubes y puso fin a la incertidumbre que rodeaba al futuro del volante. Fern\u00e1ndez no hab\u00eda sido convocado por Chelsea para su \u00faltimo encuentro, mientras se aguardaba una definici\u00f3n sobre su situaci\u00f3n. <strong>Con la transferencia ya acordada, el futbolista queda listo para incorporarse al plantel dirigido por Maresca y continuar su carrera en la Premier League<\/strong>, donde buscar\u00e1 consolidarse ahora con la camiseta del conjunto de Manchester.<\/p>\n\n\n\n<p class=\"wp-block-paragraph\">El monto de la operaci\u00f3n tambi\u00e9n coloca al argentino entre los traspasos m\u00e1s costosos de la historia del f\u00fatbol.<strong> Con 145 millones de euros, Fern\u00e1ndez aparece en el quinto puesto de ese ranking, solamente por detr\u00e1s de Alexander Isak, por una cifra equivalente, Ousmane Demb\u00e9l\u00e9, Kylian Mbapp\u00e9 y Neymar<\/strong>. De esta manera, el mediocampista vuelve a protagonizar una transferencia de enorme magnitud despu\u00e9s de su salida de Benfica hacia Chelsea, que en su momento tambi\u00e9n represent\u00f3 una de las operaciones m\u00e1s importantes del mercado.<\/p>\n\n\n\n<p class=\"wp-block-paragraph\">La transferencia, adem\u00e1s, tendr\u00e1 un impacto directo para River debido al mecanismo de solidaridad establecido por FIFA. El club argentino recibir\u00e1 un porcentaje correspondiente a su etapa de formaci\u00f3n, ya que el sistema distribuye el 5% de una transferencia entre las instituciones que contribuyeron al desarrollo del futbolista entre los 12 y los 23 a\u00f1os. En este caso, <strong>River cuenta con un 3,5%, por lo que percibir\u00eda aproximadamente 5,7 millones de euros como consecuencia de la millonaria venta de Enzo Fern\u00e1ndez al Manchester City<\/strong>.<\/p>\n","protected":false},"excerpt":{"rendered":"<p>En el cierre del mercado de pases de la Premier League, Enzo Fern\u00e1ndez se convirti\u00f3 en nuevo jugador del Manchester City luego de que Chelsea acordara su transferencia por 145 millones de euros. El mediocampista argentino volver\u00e1 a trabajar bajo las \u00f3rdenes de Enzo Maresca, quien ya lo dirigi\u00f3 durante su etapa en el conjunto [&hellip;]<\/p>\n","protected":false},"author":1,"featured_media":18787,"comment_status":"closed","ping_status":"open","sticky":false,"template":"","format":"standard","meta":{"footnotes":""},"categories":[29],"tags":[142,111],"class_list":["post-18786","post","type-post","status-publish","format-standard","has-post-thumbnail","hentry","category-internacional","tag-enzo-fernandez","tag-mercado-de-pases"],"_links":{"self":[{"href":"https:\/\/www.futbolparatodos.com.ar\/noticias\/wp-json\/wp\/v2\/posts\/18786","targetHints":{"allow":["GET"]}}],"collection":[{"href":"https:\/\/www.futbolparatodos.com.ar\/noticias\/wp-json\/wp\/v2\/posts"}],"about":[{"href":"https:\/\/www.futbolparatodos.com.ar\/noticias\/wp-json\/wp\/v2\/types\/post"}],"author":[{"embeddable":true,"href":"https:\/\/www.futbolparatodos.com.ar\/noticias\/wp-json\/wp\/v2\/users\/1"}],"replies":[{"embeddable":true,"href":"https:\/\/www.futbolparatodos.com.ar\/noticias\/wp-json\/wp\/v2\/comments?post=18786"}],"version-history":[{"count":2,"href":"https:\/\/www.futbolparatodos.com.ar\/noticias\/wp-json\/wp\/v2\/posts\/18786\/revisions"}],"predecessor-version":[{"id":18789,"href":"https:\/\/www.futbolparatodos.com.ar\/noticias\/wp-json\/wp\/v2\/posts\/18786\/revisions\/18789"}],"wp:featuredmedia":[{"embeddable":true,"href":"https:\/\/www.futbolparatodos.com.ar\/noticias\/wp-json\/wp\/v2\/media\/18787"}],"wp:attachment":[{"href":"https:\/\/www.futbolparatodos.com.ar\/noticias\/wp-json\/wp\/v2\/media?parent=18786"}],"wp:term":[{"taxonomy":"category","embeddable":true,"href":"https:\/\/www.futbolparatodos.com.ar\/noticias\/wp-json\/wp\/v2\/categories?post=18786"},{"taxonomy":"post_tag","embeddable":true,"href":"https:\/\/www.futbolparatodos.com.ar\/noticias\/wp-json\/wp\/v2\/tags?post=18786"}],"curies":[{"name":"wp","href":"https:\/\/api.w.org\/{rel}","templated":true}]}}