{"id":18790,"date":"2026-09-02T00:31:48","date_gmt":"2026-09-01T22:31:48","guid":{"rendered":"https:\/\/www.futbolparatodos.com.ar\/noticias\/?p=18790"},"modified":"2026-09-02T00:32:23","modified_gmt":"2026-09-01T22:32:23","slug":"adam-bareiro-fue-operado-con-exito-y-boca-ya-sabe-cuando-podria-volver-a-tenerlo","status":"publish","type":"post","link":"https:\/\/www.futbolparatodos.com.ar\/noticias\/2026\/09\/02\/adam-bareiro-fue-operado-con-exito-y-boca-ya-sabe-cuando-podria-volver-a-tenerlo\/","title":{"rendered":"Adam Bareiro fue operado con \u00e9xito y Boca ya sabe cu\u00e1ndo podr\u00eda volver a tenerlo"},"content":{"rendered":"\n<p class=\"wp-block-paragraph\"><strong>Adam Bareiro pas\u00f3 por el quir\u00f3fano y fue intervenido con \u00e9xito de una hernia discal lumbar<\/strong>, una lesi\u00f3n que lo mantuvo alejado de las canchas durante este segundo semestre. El delantero paraguayo hab\u00eda intentado controlar las molestias mediante tratamientos conservadores, pero finalmente, junto al cuerpo m\u00e9dico de Boca, <strong>tom\u00f3 la decisi\u00f3n de realizarse la cirug\u00eda. El club confirm\u00f3 la intervenci\u00f3n a trav\u00e9s de un comunicado: \u201cEl jugador Bareiro Adam fue intervenido quir\u00fargicamente con \u00e9xito de una hernia discal lumbar. Te acompa\u00f1amos y te esperamos pronto de vuelta, Adam\u201d<\/strong>.<\/p>\n\n\n\n<p class=\"wp-block-paragraph\">La operaci\u00f3n marca el comienzo de una recuperaci\u00f3n que ser\u00e1 extensa para el atacante, quien no volver\u00e1 a estar disponible durante lo que resta de 2026. Bareiro ya hab\u00eda atravesado un primer semestre complicado desde el aspecto f\u00edsico y ahora deber\u00e1 cumplir con las distintas etapas de rehabilitaci\u00f3n antes de pensar nuevamente en competir. <strong>Si la evoluci\u00f3n se desarrolla de manera favorable, la expectativa es que pueda ponerse nuevamente a disposici\u00f3n de Rodolfo Arruabarrena durante 2027<\/strong>.<\/p>\n\n\n\n<p class=\"wp-block-paragraph\">Bareiro lleg\u00f3 a Boca en febrero de 2026 y su incorporaci\u00f3n hab\u00eda generado repercusi\u00f3n por su reciente pasado en River. <strong>Desde su llegada al Xeneize, el paraguayo disput\u00f3 14 partidos oficiales, en los que consigui\u00f3 convertir seis goles y aportar una asistencia<\/strong>. Incluso fue titular en el \u00faltimo Supercl\u00e1sico entre Boca y River, disputado el 19 de abril en el Monumental, aunque aquella vez no pudo marcar.<\/p>\n\n\n\n<p class=\"wp-block-paragraph\">Ahora, el delantero deber\u00e1 concentrarse exclusivamente en su recuperaci\u00f3n y tendr\u00e1 por delante varios meses antes de volver a competir oficialmente. Su ausencia representa una baja importante para el plantel de Boca, que deber\u00e1 afrontar el tramo final de la temporada sin uno de sus atacantes. <strong>El objetivo para Bareiro ser\u00e1 avanzar paso a paso en su rehabilitaci\u00f3n para intentar regresar en condiciones durante 2027 y volver a vestir la camiseta azul y oro<\/strong>.<\/p>\n","protected":false},"excerpt":{"rendered":"<p>Adam Bareiro pas\u00f3 por el quir\u00f3fano y fue intervenido con \u00e9xito de una hernia discal lumbar, una lesi\u00f3n que lo mantuvo alejado de las canchas durante este segundo semestre. El delantero paraguayo hab\u00eda intentado controlar las molestias mediante tratamientos conservadores, pero finalmente, junto al cuerpo m\u00e9dico de Boca, tom\u00f3 la decisi\u00f3n de realizarse la cirug\u00eda. [&hellip;]<\/p>\n","protected":false},"author":1,"featured_media":15017,"comment_status":"closed","ping_status":"open","sticky":false,"template":"","format":"standard","meta":{"footnotes":""},"categories":[7],"tags":[364,166],"class_list":["post-18790","post","type-post","status-publish","format-standard","has-post-thumbnail","hentry","category-boca-juniors","tag-adam-bareiro","tag-lesion"],"_links":{"self":[{"href":"https:\/\/www.futbolparatodos.com.ar\/noticias\/wp-json\/wp\/v2\/posts\/18790","targetHints":{"allow":["GET"]}}],"collection":[{"href":"https:\/\/www.futbolparatodos.com.ar\/noticias\/wp-json\/wp\/v2\/posts"}],"about":[{"href":"https:\/\/www.futbolparatodos.com.ar\/noticias\/wp-json\/wp\/v2\/types\/post"}],"author":[{"embeddable":true,"href":"https:\/\/www.futbolparatodos.com.ar\/noticias\/wp-json\/wp\/v2\/users\/1"}],"replies":[{"embeddable":true,"href":"https:\/\/www.futbolparatodos.com.ar\/noticias\/wp-json\/wp\/v2\/comments?post=18790"}],"version-history":[{"count":1,"href":"https:\/\/www.futbolparatodos.com.ar\/noticias\/wp-json\/wp\/v2\/posts\/18790\/revisions"}],"predecessor-version":[{"id":18791,"href":"https:\/\/www.futbolparatodos.com.ar\/noticias\/wp-json\/wp\/v2\/posts\/18790\/revisions\/18791"}],"wp:featuredmedia":[{"embeddable":true,"href":"https:\/\/www.futbolparatodos.com.ar\/noticias\/wp-json\/wp\/v2\/media\/15017"}],"wp:attachment":[{"href":"https:\/\/www.futbolparatodos.com.ar\/noticias\/wp-json\/wp\/v2\/media?parent=18790"}],"wp:term":[{"taxonomy":"category","embeddable":true,"href":"https:\/\/www.futbolparatodos.com.ar\/noticias\/wp-json\/wp\/v2\/categories?post=18790"},{"taxonomy":"post_tag","embeddable":true,"href":"https:\/\/www.futbolparatodos.com.ar\/noticias\/wp-json\/wp\/v2\/tags?post=18790"}],"curies":[{"name":"wp","href":"https:\/\/api.w.org\/{rel}","templated":true}]}}