{"id":18792,"date":"2026-09-02T01:12:48","date_gmt":"2026-09-01T23:12:48","guid":{"rendered":"https:\/\/www.futbolparatodos.com.ar\/noticias\/?p=18792"},"modified":"2026-09-02T01:12:49","modified_gmt":"2026-09-01T23:12:49","slug":"matias-galarza-fonda-tomo-una-decision-y-su-futuro-en-river-quedo-en-incertidumbre","status":"publish","type":"post","link":"https:\/\/www.futbolparatodos.com.ar\/noticias\/2026\/09\/02\/matias-galarza-fonda-tomo-una-decision-y-su-futuro-en-river-quedo-en-incertidumbre\/","title":{"rendered":"Mat\u00edas Galarza Fonda tom\u00f3 una decisi\u00f3n y su futuro en River qued\u00f3 en incertidumbre"},"content":{"rendered":"\n<p class=\"wp-block-paragraph\"><strong>Mat\u00edas Galarza Fonda decidi\u00f3 no regresar a los entrenamientos de River en el predio de Cantilo y permanecer en Paraguay<\/strong> mientras espera definir d\u00f3nde continuar\u00e1 su carrera. El mediocampista fue apartado del plantel profesional y todav\u00eda no encontr\u00f3 un nuevo destino.<\/p>\n\n\n\n<p class=\"wp-block-paragraph\"><strong>El volante paraguayo hab\u00eda despertado inter\u00e9s despu\u00e9s de su destacada actuaci\u00f3n con la Albirroja en el Mundial 2026<\/strong>. Durante el torneo disput\u00f3 cuatro encuentros, convirti\u00f3 un gol ante Turqu\u00eda y aport\u00f3 una asistencia frente a Alemania.<\/p>\n\n\n\n<p class=\"wp-block-paragraph\">Galarza Fonda hab\u00eda regresado a River en julio luego de finalizar su pr\u00e9stamo en Atlanta United. Sin embargo, <strong>no consigui\u00f3 continuidad con el Millonario: jug\u00f3 14 partidos y no registr\u00f3 goles ni asistencias durante ese per\u00edodo<\/strong>.<\/p>\n\n\n\n<p class=\"wp-block-paragraph\"><strong>Una de las alternativas que apareci\u00f3 fue Olimpia, club en el que se form\u00f3, aunque la operaci\u00f3n no llegar\u00eda a concretarse<\/strong>. La propuesta contemplaba un pr\u00e9stamo por 18 meses con una opci\u00f3n de compra obligatoria sujeta al cumplimiento de determinados objetivos.<\/p>\n\n\n\n<p class=\"wp-block-paragraph\">Con los mercados de Europa y Paraguay cerca de finalizar, Brasil y M\u00e9xico aparecen como posibles opciones, ya que ambos pa\u00edses mantienen abierto su per\u00edodo de incorporaciones hasta el 11 de septiembre. Mientras tanto, <strong>Galarza Fonda aguarda una resoluci\u00f3n sobre su futuro lejos del plantel de River<\/strong>.<\/p>\n","protected":false},"excerpt":{"rendered":"<p>Mat\u00edas Galarza Fonda decidi\u00f3 no regresar a los entrenamientos de River en el predio de Cantilo y permanecer en Paraguay mientras espera definir d\u00f3nde continuar\u00e1 su carrera. El mediocampista fue apartado del plantel profesional y todav\u00eda no encontr\u00f3 un nuevo destino. El volante paraguayo hab\u00eda despertado inter\u00e9s despu\u00e9s de su destacada actuaci\u00f3n con la Albirroja [&hellip;]<\/p>\n","protected":false},"author":1,"featured_media":18793,"comment_status":"closed","ping_status":"open","sticky":false,"template":"","format":"standard","meta":{"footnotes":""},"categories":[13],"tags":[480,111],"class_list":["post-18792","post","type-post","status-publish","format-standard","has-post-thumbnail","hentry","category-river-plate","tag-matias-galarza-fonda","tag-mercado-de-pases"],"_links":{"self":[{"href":"https:\/\/www.futbolparatodos.com.ar\/noticias\/wp-json\/wp\/v2\/posts\/18792","targetHints":{"allow":["GET"]}}],"collection":[{"href":"https:\/\/www.futbolparatodos.com.ar\/noticias\/wp-json\/wp\/v2\/posts"}],"about":[{"href":"https:\/\/www.futbolparatodos.com.ar\/noticias\/wp-json\/wp\/v2\/types\/post"}],"author":[{"embeddable":true,"href":"https:\/\/www.futbolparatodos.com.ar\/noticias\/wp-json\/wp\/v2\/users\/1"}],"replies":[{"embeddable":true,"href":"https:\/\/www.futbolparatodos.com.ar\/noticias\/wp-json\/wp\/v2\/comments?post=18792"}],"version-history":[{"count":1,"href":"https:\/\/www.futbolparatodos.com.ar\/noticias\/wp-json\/wp\/v2\/posts\/18792\/revisions"}],"predecessor-version":[{"id":18794,"href":"https:\/\/www.futbolparatodos.com.ar\/noticias\/wp-json\/wp\/v2\/posts\/18792\/revisions\/18794"}],"wp:featuredmedia":[{"embeddable":true,"href":"https:\/\/www.futbolparatodos.com.ar\/noticias\/wp-json\/wp\/v2\/media\/18793"}],"wp:attachment":[{"href":"https:\/\/www.futbolparatodos.com.ar\/noticias\/wp-json\/wp\/v2\/media?parent=18792"}],"wp:term":[{"taxonomy":"category","embeddable":true,"href":"https:\/\/www.futbolparatodos.com.ar\/noticias\/wp-json\/wp\/v2\/categories?post=18792"},{"taxonomy":"post_tag","embeddable":true,"href":"https:\/\/www.futbolparatodos.com.ar\/noticias\/wp-json\/wp\/v2\/tags?post=18792"}],"curies":[{"name":"wp","href":"https:\/\/api.w.org\/{rel}","templated":true}]}}