{"id":18797,"date":"2026-09-02T04:11:37","date_gmt":"2026-09-02T02:11:37","guid":{"rendered":"https:\/\/www.futbolparatodos.com.ar\/noticias\/?p=18797"},"modified":"2026-09-02T04:11:38","modified_gmt":"2026-09-02T02:11:38","slug":"riquelme-sorprendio-al-hablar-del-arbitraje-antes-de-boca-vs-velez","status":"publish","type":"post","link":"https:\/\/www.futbolparatodos.com.ar\/noticias\/2026\/09\/02\/riquelme-sorprendio-al-hablar-del-arbitraje-antes-de-boca-vs-velez\/","title":{"rendered":"Riquelme sorprendi\u00f3 al hablar del arbitraje antes de Boca vs. V\u00e9lez"},"content":{"rendered":"\n<p class=\"wp-block-paragraph\"><strong>Juan Rom\u00e1n Riquelme habl\u00f3 en la previa del duelo entre Boca y V\u00e9lez por los octavos de final de la Copa Argentina<\/strong> y fue consultado por la pol\u00e9mica arbitral que protagoniz\u00f3 el conjunto de Liniers en su \u00faltimo partido ante Deportivo Riestra.<\/p>\n\n\n\n<p class=\"wp-block-paragraph\">El presidente de Boca evit\u00f3 involucrarse en la discusi\u00f3n y dej\u00f3 claro que no considera que el Xeneize tenga relaci\u00f3n con lo sucedido. Adem\u00e1s, <strong>destac\u00f3 el v\u00ednculo que mantiene con integrantes del cuerpo de trabajo de V\u00e9lez<\/strong> y puso el foco en el partido que ambos equipos disputar\u00e1n en C\u00f3rdoba.<\/p>\n\n\n\n<p class=\"wp-block-paragraph\">\u201c<strong>\u00bfBoca qu\u00e9 tiene que ver en lo que pas\u00f3 entre Riestra y V\u00e9lez? Guillermo, Gustavo, Federico (Ins\u00faa), que trabajan en V\u00e9lez, les tengo mucho cari\u00f1o<\/strong>. Les mando un abrazo muy grande, sabemos que ser\u00e1 un partido dif\u00edcil y que el \u00e1rbitro haga un buen partido, que podamos jugar bien y ganar\u201d, expres\u00f3 Riquelme.<\/p>\n\n\n\n<p class=\"wp-block-paragraph\">Luego, ante la consulta espec\u00edfica sobre la situaci\u00f3n arbitral, el dirigente fue contundente: <strong>\u201cNo estoy al tanto con lo que pas\u00f3 en el partido Riestra \u2013 V\u00e9lez, pero hay que confiar, pensar en el equipo que tenemos, hacer un buen partido y ojal\u00e1 podamos avanzar\u201d<\/strong>. Boca buscar\u00e1 meterse en los cuartos de final de la Copa Argentina frente a un V\u00e9lez que llega con el antecedente de aquella pol\u00e9mica.<\/p>\n","protected":false},"excerpt":{"rendered":"<p>Juan Rom\u00e1n Riquelme habl\u00f3 en la previa del duelo entre Boca y V\u00e9lez por los octavos de final de la Copa Argentina y fue consultado por la pol\u00e9mica arbitral que protagoniz\u00f3 el conjunto de Liniers en su \u00faltimo partido ante Deportivo Riestra. El presidente de Boca evit\u00f3 involucrarse en la discusi\u00f3n y dej\u00f3 claro que [&hellip;]<\/p>\n","protected":false},"author":1,"featured_media":18798,"comment_status":"closed","ping_status":"open","sticky":false,"template":"","format":"standard","meta":{"footnotes":""},"categories":[7],"tags":[292],"class_list":["post-18797","post","type-post","status-publish","format-standard","has-post-thumbnail","hentry","category-boca-juniors","tag-juan-roman-riquelme"],"_links":{"self":[{"href":"https:\/\/www.futbolparatodos.com.ar\/noticias\/wp-json\/wp\/v2\/posts\/18797","targetHints":{"allow":["GET"]}}],"collection":[{"href":"https:\/\/www.futbolparatodos.com.ar\/noticias\/wp-json\/wp\/v2\/posts"}],"about":[{"href":"https:\/\/www.futbolparatodos.com.ar\/noticias\/wp-json\/wp\/v2\/types\/post"}],"author":[{"embeddable":true,"href":"https:\/\/www.futbolparatodos.com.ar\/noticias\/wp-json\/wp\/v2\/users\/1"}],"replies":[{"embeddable":true,"href":"https:\/\/www.futbolparatodos.com.ar\/noticias\/wp-json\/wp\/v2\/comments?post=18797"}],"version-history":[{"count":1,"href":"https:\/\/www.futbolparatodos.com.ar\/noticias\/wp-json\/wp\/v2\/posts\/18797\/revisions"}],"predecessor-version":[{"id":18799,"href":"https:\/\/www.futbolparatodos.com.ar\/noticias\/wp-json\/wp\/v2\/posts\/18797\/revisions\/18799"}],"wp:featuredmedia":[{"embeddable":true,"href":"https:\/\/www.futbolparatodos.com.ar\/noticias\/wp-json\/wp\/v2\/media\/18798"}],"wp:attachment":[{"href":"https:\/\/www.futbolparatodos.com.ar\/noticias\/wp-json\/wp\/v2\/media?parent=18797"}],"wp:term":[{"taxonomy":"category","embeddable":true,"href":"https:\/\/www.futbolparatodos.com.ar\/noticias\/wp-json\/wp\/v2\/categories?post=18797"},{"taxonomy":"post_tag","embeddable":true,"href":"https:\/\/www.futbolparatodos.com.ar\/noticias\/wp-json\/wp\/v2\/tags?post=18797"}],"curies":[{"name":"wp","href":"https:\/\/api.w.org\/{rel}","templated":true}]}}