{"id":18800,"date":"2026-09-02T17:59:42","date_gmt":"2026-09-02T15:59:42","guid":{"rendered":"https:\/\/www.futbolparatodos.com.ar\/noticias\/?p=18800"},"modified":"2026-09-02T17:59:42","modified_gmt":"2026-09-02T15:59:42","slug":"river-pedira-un-cupo-extra-por-constantini-y-acelera-por-francisco-alvarez","status":"publish","type":"post","link":"https:\/\/www.futbolparatodos.com.ar\/noticias\/2026\/09\/02\/river-pedira-un-cupo-extra-por-constantini-y-acelera-por-francisco-alvarez\/","title":{"rendered":"River pedir\u00e1 un cupo extra por Constantini y acelera por Francisco \u00c1lvarez"},"content":{"rendered":"\n<p class=\"wp-block-paragraph\">River recibi\u00f3 una noticia que modifica sus tiempos en el mercado de pases. <a href=\"https:\/\/www.futbolparatodos.com.ar\/noticias\/2026\/09\/01\/malas-noticias-para-ponzio-giorgio-costantini-sufrio-otra-grave-lesion-en-river\/\">La grave lesi\u00f3n sufrida por Giorgio Constantini<\/a>, quien padeci\u00f3 una rotura del ligamento cruzado anterior y del menisco de la rodilla derecha, <strong>le permitir\u00e1 al club solicitar un cupo adicional para incorporar<\/strong>.<\/p>\n\n\n\n<p class=\"wp-block-paragraph\">Aunque el per\u00edodo de transferencias en el f\u00fatbol argentino termina este mi\u00e9rcoles 2 de septiembre, <strong>la AFA le conceder\u00e1 al Millonario una extensi\u00f3n de diez d\u00edas para sumar futbolistas que est\u00e9n inscriptos en sus registros<\/strong>. De esta manera, la dirigencia tendr\u00e1 un margen mayor para cerrar una operaci\u00f3n que hasta ahora parec\u00eda complicada.<\/p>\n\n\n\n<p class=\"wp-block-paragraph\"><strong>El principal objetivo de River es Francisco \u00c1lvarez. La instituci\u00f3n de N\u00fa\u00f1ez ya present\u00f3 una propuesta de tres millones de d\u00f3lares por el 50 por ciento<\/strong> de los derechos econ\u00f3micos del defensor, pero <strong>la oferta no conform\u00f3 a Argentinos Juniors<\/strong>, que pretende seis millones por el 70 por ciento.<\/p>\n\n\n\n<p class=\"wp-block-paragraph\"><strong>La b\u00fasqueda de un marcador central responde a la necesidad de reforzar una zona que qued\u00f3 condicionada por la situaci\u00f3n de Tob\u00edas Ram\u00edrez y el rendimiento de Lucas Mart\u00ednez Quarta<\/strong>. Si bien el Chino continuar\u00e1 en el plantel al menos hasta fin de a\u00f1o, River considera necesario sumar una alternativa para la \u00faltima l\u00ednea.<\/p>\n\n\n\n<p class=\"wp-block-paragraph\">\u00c1lvarez, de 26 a\u00f1os, lleg\u00f3 a Argentinos en 2024 luego de pasar por San Mart\u00edn de San Juan, Talleres, Patronato y Barracas Central. <strong>Con m\u00e1s de 100 encuentros disputados en el Bicho y 13 goles en Primera, se convirti\u00f3 en una pieza importante del equipo<\/strong> y ahora River buscar\u00e1 aprovechar la pr\u00f3rroga para intentar destrabar su llegada.<\/p>\n","protected":false},"excerpt":{"rendered":"<p>River recibi\u00f3 una noticia que modifica sus tiempos en el mercado de pases. La grave lesi\u00f3n sufrida por Giorgio Constantini, quien padeci\u00f3 una rotura del ligamento cruzado anterior y del menisco de la rodilla derecha, le permitir\u00e1 al club solicitar un cupo adicional para incorporar. Aunque el per\u00edodo de transferencias en el f\u00fatbol argentino termina [&hellip;]<\/p>\n","protected":false},"author":1,"featured_media":18801,"comment_status":"closed","ping_status":"open","sticky":false,"template":"","format":"standard","meta":{"footnotes":""},"categories":[13],"tags":[808,111],"class_list":["post-18800","post","type-post","status-publish","format-standard","has-post-thumbnail","hentry","category-river-plate","tag-francisco-alvarez","tag-mercado-de-pases"],"_links":{"self":[{"href":"https:\/\/www.futbolparatodos.com.ar\/noticias\/wp-json\/wp\/v2\/posts\/18800","targetHints":{"allow":["GET"]}}],"collection":[{"href":"https:\/\/www.futbolparatodos.com.ar\/noticias\/wp-json\/wp\/v2\/posts"}],"about":[{"href":"https:\/\/www.futbolparatodos.com.ar\/noticias\/wp-json\/wp\/v2\/types\/post"}],"author":[{"embeddable":true,"href":"https:\/\/www.futbolparatodos.com.ar\/noticias\/wp-json\/wp\/v2\/users\/1"}],"replies":[{"embeddable":true,"href":"https:\/\/www.futbolparatodos.com.ar\/noticias\/wp-json\/wp\/v2\/comments?post=18800"}],"version-history":[{"count":1,"href":"https:\/\/www.futbolparatodos.com.ar\/noticias\/wp-json\/wp\/v2\/posts\/18800\/revisions"}],"predecessor-version":[{"id":18802,"href":"https:\/\/www.futbolparatodos.com.ar\/noticias\/wp-json\/wp\/v2\/posts\/18800\/revisions\/18802"}],"wp:featuredmedia":[{"embeddable":true,"href":"https:\/\/www.futbolparatodos.com.ar\/noticias\/wp-json\/wp\/v2\/media\/18801"}],"wp:attachment":[{"href":"https:\/\/www.futbolparatodos.com.ar\/noticias\/wp-json\/wp\/v2\/media?parent=18800"}],"wp:term":[{"taxonomy":"category","embeddable":true,"href":"https:\/\/www.futbolparatodos.com.ar\/noticias\/wp-json\/wp\/v2\/categories?post=18800"},{"taxonomy":"post_tag","embeddable":true,"href":"https:\/\/www.futbolparatodos.com.ar\/noticias\/wp-json\/wp\/v2\/tags?post=18800"}],"curies":[{"name":"wp","href":"https:\/\/api.w.org\/{rel}","templated":true}]}}