{"id":18803,"date":"2026-09-02T18:10:00","date_gmt":"2026-09-02T16:10:00","guid":{"rendered":"https:\/\/www.futbolparatodos.com.ar\/noticias\/?p=18803"},"modified":"2026-09-02T18:10:00","modified_gmt":"2026-09-02T16:10:00","slug":"kevin-zenon-cada-vez-mas-cerca-de-dejar-boca-y-jugar-en-atlas","status":"publish","type":"post","link":"https:\/\/www.futbolparatodos.com.ar\/noticias\/2026\/09\/02\/kevin-zenon-cada-vez-mas-cerca-de-dejar-boca-y-jugar-en-atlas\/","title":{"rendered":"Kevin Zen\u00f3n, cada vez m\u00e1s cerca de dejar Boca y jugar en Atlas"},"content":{"rendered":"\n<p class=\"wp-block-paragraph\"><strong>Kevin Zen\u00f3n podr\u00eda tener sus \u00faltimos d\u00edas como futbolista de Boca<\/strong>. El mediocampista es seguido por Atlas de M\u00e9xico, equipo dirigido por Hern\u00e1n Crespo, que <strong>ya se comunic\u00f3 para conocer las condiciones de una posible salida del jugador de 25 a\u00f1os<\/strong>.<\/p>\n\n\n\n<p class=\"wp-block-paragraph\"><strong>El volante perdi\u00f3 terreno en la consideraci\u00f3n de Rodolfo Arruabarrena<\/strong> y suele comenzar los encuentros desde el banco de suplentes. Ante este escenario, <strong>tanto el futbolista como Boca ver\u00edan con buenos ojos una transferencia que le permita encontrar mayor continuidad en el f\u00fatbol mexicano<\/strong>.<\/p>\n\n\n\n<p class=\"wp-block-paragraph\">Ahora, Atlas deber\u00e1 avanzar con una propuesta formal para intentar quedarse con Zen\u00f3n. <strong>El club mexicano todav\u00eda analiza si buscar\u00e1 incorporarlo mediante un pr\u00e9stamo con opci\u00f3n de compra o si intentar\u00e1 adquirir una parte de los derechos econ\u00f3micos del jugador<\/strong>.<\/p>\n\n\n\n<p class=\"wp-block-paragraph\"><strong>El mercado de pases de M\u00e9xico permanecer\u00e1 abierto hasta el 11 de septiembre<\/strong>, por lo que las negociaciones podr\u00edan continuar durante los pr\u00f3ximos d\u00edas. <strong>Desde su llegada a Boca a comienzos de 2024, Zen\u00f3n disput\u00f3 90 partidos, marc\u00f3 10 goles y registr\u00f3 ocho asistencias<\/strong>.<\/p>\n","protected":false},"excerpt":{"rendered":"<p>Kevin Zen\u00f3n podr\u00eda tener sus \u00faltimos d\u00edas como futbolista de Boca. El mediocampista es seguido por Atlas de M\u00e9xico, equipo dirigido por Hern\u00e1n Crespo, que ya se comunic\u00f3 para conocer las condiciones de una posible salida del jugador de 25 a\u00f1os. El volante perdi\u00f3 terreno en la consideraci\u00f3n de Rodolfo Arruabarrena y suele comenzar los [&hellip;]<\/p>\n","protected":false},"author":1,"featured_media":10258,"comment_status":"closed","ping_status":"open","sticky":false,"template":"","format":"standard","meta":{"footnotes":""},"categories":[7],"tags":[147,111],"class_list":["post-18803","post","type-post","status-publish","format-standard","has-post-thumbnail","hentry","category-boca-juniors","tag-kevin-zenon","tag-mercado-de-pases"],"_links":{"self":[{"href":"https:\/\/www.futbolparatodos.com.ar\/noticias\/wp-json\/wp\/v2\/posts\/18803","targetHints":{"allow":["GET"]}}],"collection":[{"href":"https:\/\/www.futbolparatodos.com.ar\/noticias\/wp-json\/wp\/v2\/posts"}],"about":[{"href":"https:\/\/www.futbolparatodos.com.ar\/noticias\/wp-json\/wp\/v2\/types\/post"}],"author":[{"embeddable":true,"href":"https:\/\/www.futbolparatodos.com.ar\/noticias\/wp-json\/wp\/v2\/users\/1"}],"replies":[{"embeddable":true,"href":"https:\/\/www.futbolparatodos.com.ar\/noticias\/wp-json\/wp\/v2\/comments?post=18803"}],"version-history":[{"count":1,"href":"https:\/\/www.futbolparatodos.com.ar\/noticias\/wp-json\/wp\/v2\/posts\/18803\/revisions"}],"predecessor-version":[{"id":18804,"href":"https:\/\/www.futbolparatodos.com.ar\/noticias\/wp-json\/wp\/v2\/posts\/18803\/revisions\/18804"}],"wp:featuredmedia":[{"embeddable":true,"href":"https:\/\/www.futbolparatodos.com.ar\/noticias\/wp-json\/wp\/v2\/media\/10258"}],"wp:attachment":[{"href":"https:\/\/www.futbolparatodos.com.ar\/noticias\/wp-json\/wp\/v2\/media?parent=18803"}],"wp:term":[{"taxonomy":"category","embeddable":true,"href":"https:\/\/www.futbolparatodos.com.ar\/noticias\/wp-json\/wp\/v2\/categories?post=18803"},{"taxonomy":"post_tag","embeddable":true,"href":"https:\/\/www.futbolparatodos.com.ar\/noticias\/wp-json\/wp\/v2\/tags?post=18803"}],"curies":[{"name":"wp","href":"https:\/\/api.w.org\/{rel}","templated":true}]}}