{"id":18805,"date":"2026-09-02T09:00:00","date_gmt":"2026-09-02T07:00:00","guid":{"rendered":"https:\/\/www.futbolparatodos.com.ar\/noticias\/?p=18805"},"modified":"2026-09-03T05:56:49","modified_gmt":"2026-09-03T03:56:49","slug":"la-formacion-de-boca-vs-velez-por-la-copa-argentina","status":"publish","type":"post","link":"https:\/\/www.futbolparatodos.com.ar\/noticias\/2026\/09\/02\/la-formacion-de-boca-vs-velez-por-la-copa-argentina\/","title":{"rendered":"La formaci\u00f3n de Boca vs. V\u00e9lez por la Copa Argentina"},"content":{"rendered":"\n<p class=\"wp-block-paragraph\"><strong>Boca enfrentar\u00e1 este mi\u00e9rcoles a V\u00e9lez por los octavos de final de la <a href=\"https:\/\/www.futbolparatodos.com.ar\/copa-argentina\">Copa Argentina<\/a><\/strong>. El encuentro comenzar\u00e1 a las 21.15, tendr\u00e1 a Sebasti\u00e1n Zunino como \u00e1rbitro y ser\u00e1 transmitido por TyC Sports desde el estadio Mario Alberto Kempes.<\/p>\n\n\n\n<p class=\"wp-block-paragraph\">Rodolfo Arruabarrena prepara varias modificaciones respecto del equipo que viene de superar a Lan\u00fas por el Torneo Clausura. <strong>Leandro Paredes volver\u00eda a ser titular en el mediocampo<\/strong>, mientras que Tom\u00e1s Belmonte ocupar\u00eda el lugar del lesionado Milton Delgado. Adem\u00e1s, Leandro Lozano est\u00e1 en condiciones de regresar tras su distensi\u00f3n muscular y reemplazar\u00eda a Dylan Gorosito.<\/p>\n\n\n\n<p class=\"wp-block-paragraph\"><strong>En la defensa tambi\u00e9n hay una novedad<\/strong>: Marco Pellegrino volvi\u00f3 a estar disponible despu\u00e9s del desgarro que sufri\u00f3 frente a Platense, aunque comenzar\u00eda el partido entre los suplentes. De esta manera, Facundo Herrera mantendr\u00eda su lugar en la zaga luego de las buenas actuaciones que tuvo desde su aparici\u00f3n en Primera.<\/p>\n\n\n\n<p class=\"wp-block-paragraph\">La principal duda del equipo est\u00e1 en el ataque. <strong>Sebasti\u00e1n Villa y Miguel Merentiel tendr\u00edan un lugar asegurado, mientras que Leonel Flores y Alan Velasco compiten por la tercera posici\u00f3n ofensiva<\/strong>, con el juvenil como principal candidato. As\u00ed, Boca buscar\u00e1 ante V\u00e9lez meterse entre los ocho mejores de la Copa Argentina.<\/p>\n\n\n\n<h2 class=\"wp-block-heading\">Probable formaci\u00f3n<\/h2>\n\n\n\n<ul class=\"wp-block-list\">\n<li>\u00c1lvaro Montero<\/li>\n\n\n\n<li>Leandro Lozano<\/li>\n\n\n\n<li>Lautaro Di Lollo<\/li>\n\n\n\n<li>Facundo Herrera<\/li>\n\n\n\n<li>Lautaro Blanco<\/li>\n\n\n\n<li>Santiago Ascac\u00edbar<\/li>\n\n\n\n<li>Leandro Paredes<\/li>\n\n\n\n<li>Tom\u00e1s Belmonte<\/li>\n\n\n\n<li>Sebasti\u00e1n Villa<\/li>\n\n\n\n<li>Miguel Merentiel<\/li>\n\n\n\n<li>Alan Velasco<\/li>\n<\/ul>\n","protected":false},"excerpt":{"rendered":"<p>Boca enfrentar\u00e1 este mi\u00e9rcoles a V\u00e9lez por los octavos de final de la Copa Argentina. El encuentro comenzar\u00e1 a las 21.15, tendr\u00e1 a Sebasti\u00e1n Zunino como \u00e1rbitro y ser\u00e1 transmitido por TyC Sports desde el estadio Mario Alberto Kempes. Rodolfo Arruabarrena prepara varias modificaciones respecto del equipo que viene de superar a Lan\u00fas por el [&hellip;]<\/p>\n","protected":false},"author":1,"featured_media":17812,"comment_status":"closed","ping_status":"open","sticky":false,"template":"","format":"standard","meta":{"footnotes":""},"categories":[7,15],"tags":[313,325,319],"class_list":["post-18805","post","type-post","status-publish","format-standard","has-post-thumbnail","hentry","category-boca-juniors","category-copa-argentina","tag-formaciones","tag-leandro-paredes","tag-rodolfo-arruabarrena"],"_links":{"self":[{"href":"https:\/\/www.futbolparatodos.com.ar\/noticias\/wp-json\/wp\/v2\/posts\/18805","targetHints":{"allow":["GET"]}}],"collection":[{"href":"https:\/\/www.futbolparatodos.com.ar\/noticias\/wp-json\/wp\/v2\/posts"}],"about":[{"href":"https:\/\/www.futbolparatodos.com.ar\/noticias\/wp-json\/wp\/v2\/types\/post"}],"author":[{"embeddable":true,"href":"https:\/\/www.futbolparatodos.com.ar\/noticias\/wp-json\/wp\/v2\/users\/1"}],"replies":[{"embeddable":true,"href":"https:\/\/www.futbolparatodos.com.ar\/noticias\/wp-json\/wp\/v2\/comments?post=18805"}],"version-history":[{"count":2,"href":"https:\/\/www.futbolparatodos.com.ar\/noticias\/wp-json\/wp\/v2\/posts\/18805\/revisions"}],"predecessor-version":[{"id":18821,"href":"https:\/\/www.futbolparatodos.com.ar\/noticias\/wp-json\/wp\/v2\/posts\/18805\/revisions\/18821"}],"wp:featuredmedia":[{"embeddable":true,"href":"https:\/\/www.futbolparatodos.com.ar\/noticias\/wp-json\/wp\/v2\/media\/17812"}],"wp:attachment":[{"href":"https:\/\/www.futbolparatodos.com.ar\/noticias\/wp-json\/wp\/v2\/media?parent=18805"}],"wp:term":[{"taxonomy":"category","embeddable":true,"href":"https:\/\/www.futbolparatodos.com.ar\/noticias\/wp-json\/wp\/v2\/categories?post=18805"},{"taxonomy":"post_tag","embeddable":true,"href":"https:\/\/www.futbolparatodos.com.ar\/noticias\/wp-json\/wp\/v2\/tags?post=18805"}],"curies":[{"name":"wp","href":"https:\/\/api.w.org\/{rel}","templated":true}]}}