{"id":18807,"date":"2026-09-02T20:20:17","date_gmt":"2026-09-02T18:20:17","guid":{"rendered":"https:\/\/www.futbolparatodos.com.ar\/noticias\/?p=18807"},"modified":"2026-09-02T20:22:29","modified_gmt":"2026-09-02T18:22:29","slug":"adam-bareiro-y-un-emotivo-mensaje-a-los-hinchas-de-boca-tras-su-operacion","status":"publish","type":"post","link":"https:\/\/www.futbolparatodos.com.ar\/noticias\/2026\/09\/02\/adam-bareiro-y-un-emotivo-mensaje-a-los-hinchas-de-boca-tras-su-operacion\/","title":{"rendered":"Adam Bareiro y un emotivo mensaje a los hinchas de Boca tras su operaci\u00f3n"},"content":{"rendered":"\n<p class=\"wp-block-paragraph\"><strong>Adam Bareiro atraviesa un momento complicado en Boca luego de <a href=\"https:\/\/www.futbolparatodos.com.ar\/noticias\/2026\/09\/02\/adam-bareiro-fue-operado-con-exito-y-boca-ya-sabe-cuando-podria-volver-a-tenerlo\/\">ser operado por una hernia de disco lumbar<\/a><\/strong>. El delantero paraguayo deber\u00e1 afrontar una recuperaci\u00f3n que lo mantendr\u00e1 alejado de las canchas hasta 2027, despu\u00e9s de varios meses marcados por diferentes problemas f\u00edsicos.<\/p>\n\n\n\n<p class=\"wp-block-paragraph\">El atacante, que hab\u00eda llegado al Xeneize a comienzos de 2026 y r\u00e1pidamente hab\u00eda generado expectativa, n<strong>o pudo conseguir la continuidad que esperaba debido a las lesiones<\/strong>. En los \u00faltimos meses tambi\u00e9n sufri\u00f3 una lesi\u00f3n muscular y realiz\u00f3 distintos esfuerzos para intentar regresar a la actividad.<\/p>\n\n\n\n<p class=\"wp-block-paragraph\">Tras pasar por el quir\u00f3fano, <strong>Bareiro decidi\u00f3 comunicarse con los hinchas de Boca a trav\u00e9s de sus redes sociales<\/strong>. En su mensaje <strong>cont\u00f3 parte del dif\u00edcil proceso que atraves\u00f3 y explic\u00f3 que la cirug\u00eda termin\u00f3 siendo la alternativa elegida luego de convivir durante semanas con molestias<\/strong>.<\/p>\n\n\n<div class=\"wp-block-image\">\n<figure class=\"aligncenter size-full\"><img loading=\"lazy\" decoding=\"async\" width=\"549\" height=\"408\" src=\"https:\/\/www.futbolparatodos.com.ar\/noticias\/wp-content\/uploads\/2026\/09\/mensaje-de-bareiro-tras-su-operacion.jpg\" alt=\"El mensaje de Bareiro tras su operaci\u00f3n\" class=\"wp-image-18808\" srcset=\"https:\/\/www.futbolparatodos.com.ar\/noticias\/wp-content\/uploads\/2026\/09\/mensaje-de-bareiro-tras-su-operacion.jpg 549w, https:\/\/www.futbolparatodos.com.ar\/noticias\/wp-content\/uploads\/2026\/09\/mensaje-de-bareiro-tras-su-operacion-300x223.jpg 300w\" sizes=\"auto, (max-width: 549px) 100vw, 549px\" \/><figcaption class=\"wp-element-caption\">El mensaje de Bareiro tras su operaci\u00f3n<\/figcaption><\/figure>\n<\/div>\n\n\n<p class=\"wp-block-paragraph\">Ahora, el delantero puso el foco en su recuperaci\u00f3n y en volver a sentirse en condiciones para competir. <strong>Bareiro tambi\u00e9n expres\u00f3 su deseo de regresar a Boca para reencontrarse con los goles y seguir peleando por t\u00edtulos, cerrando su mensaje con una palabra que resumi\u00f3 su estado de \u00e1nimo: \u201cOHANA\u201d<\/strong>.<\/p>\n","protected":false},"excerpt":{"rendered":"<p>Adam Bareiro atraviesa un momento complicado en Boca luego de ser operado por una hernia de disco lumbar. El delantero paraguayo deber\u00e1 afrontar una recuperaci\u00f3n que lo mantendr\u00e1 alejado de las canchas hasta 2027, despu\u00e9s de varios meses marcados por diferentes problemas f\u00edsicos. El atacante, que hab\u00eda llegado al Xeneize a comienzos de 2026 y [&hellip;]<\/p>\n","protected":false},"author":1,"featured_media":18810,"comment_status":"closed","ping_status":"open","sticky":false,"template":"","format":"standard","meta":{"footnotes":""},"categories":[7,1],"tags":[364,166],"class_list":["post-18807","post","type-post","status-publish","format-standard","has-post-thumbnail","hentry","category-boca-juniors","category-sin-categoria","tag-adam-bareiro","tag-lesion"],"_links":{"self":[{"href":"https:\/\/www.futbolparatodos.com.ar\/noticias\/wp-json\/wp\/v2\/posts\/18807","targetHints":{"allow":["GET"]}}],"collection":[{"href":"https:\/\/www.futbolparatodos.com.ar\/noticias\/wp-json\/wp\/v2\/posts"}],"about":[{"href":"https:\/\/www.futbolparatodos.com.ar\/noticias\/wp-json\/wp\/v2\/types\/post"}],"author":[{"embeddable":true,"href":"https:\/\/www.futbolparatodos.com.ar\/noticias\/wp-json\/wp\/v2\/users\/1"}],"replies":[{"embeddable":true,"href":"https:\/\/www.futbolparatodos.com.ar\/noticias\/wp-json\/wp\/v2\/comments?post=18807"}],"version-history":[{"count":1,"href":"https:\/\/www.futbolparatodos.com.ar\/noticias\/wp-json\/wp\/v2\/posts\/18807\/revisions"}],"predecessor-version":[{"id":18809,"href":"https:\/\/www.futbolparatodos.com.ar\/noticias\/wp-json\/wp\/v2\/posts\/18807\/revisions\/18809"}],"wp:featuredmedia":[{"embeddable":true,"href":"https:\/\/www.futbolparatodos.com.ar\/noticias\/wp-json\/wp\/v2\/media\/18810"}],"wp:attachment":[{"href":"https:\/\/www.futbolparatodos.com.ar\/noticias\/wp-json\/wp\/v2\/media?parent=18807"}],"wp:term":[{"taxonomy":"category","embeddable":true,"href":"https:\/\/www.futbolparatodos.com.ar\/noticias\/wp-json\/wp\/v2\/categories?post=18807"},{"taxonomy":"post_tag","embeddable":true,"href":"https:\/\/www.futbolparatodos.com.ar\/noticias\/wp-json\/wp\/v2\/tags?post=18807"}],"curies":[{"name":"wp","href":"https:\/\/api.w.org\/{rel}","templated":true}]}}