{"id":18815,"date":"2026-09-02T21:46:23","date_gmt":"2026-09-02T19:46:23","guid":{"rendered":"https:\/\/www.futbolparatodos.com.ar\/noticias\/?p=18815"},"modified":"2026-09-02T21:46:23","modified_gmt":"2026-09-02T19:46:23","slug":"zeballos-se-despidio-de-boca-con-una-contundente-frase-antes-de-viajar-a-italia","status":"publish","type":"post","link":"https:\/\/www.futbolparatodos.com.ar\/noticias\/2026\/09\/02\/zeballos-se-despidio-de-boca-con-una-contundente-frase-antes-de-viajar-a-italia\/","title":{"rendered":"Zeballos se despidi\u00f3 de Boca con una contundente frase antes de viajar a Italia"},"content":{"rendered":"\n<p class=\"wp-block-paragraph\"><strong>Exequiel Zeballos dej\u00f3 atr\u00e1s su etapa en Boca y viaj\u00f3 rumbo a Italia para convertirse en nuevo jugador del Monza<\/strong>. Antes de subir al avi\u00f3n, el delantero <strong>habl\u00f3 con los medios en Ezeiza y se refiri\u00f3 a su salida del club, dejando en claro que su intenci\u00f3n siempre fue que el Xeneize recibiera dinero por su partida<\/strong>.<\/p>\n\n\n\n<p class=\"wp-block-paragraph\">El Changuito, de 24 a\u00f1os, <strong>destac\u00f3 la importancia de dar este paso en su carrera y valor\u00f3 el acompa\u00f1amiento de Juan Rom\u00e1n Riquelme<\/strong> y de su representante, Diego.<strong> \u201cEstoy muy contento; para m\u00ed dar este salto es muy importante. Es un sue\u00f1o. Siempre tuvimos la oportunidad de pasar a Europa, pero tanto Rom\u00e1n como Diego, que es mi representante, buscaron lo mejor para m\u00ed. Llegar a esta instancia es lo mejor\u201d<\/strong>, expres\u00f3 antes de emprender el viaje.<\/p>\n\n\n\n<p class=\"wp-block-paragraph\">Una de las cuestiones sobre las que fue consultado estuvo relacionada con la posibilidad de haber dejado Boca como jugador libre a fin de a\u00f1o. Zeballos fue categ\u00f3rico al explicar que esa alternativa nunca estuvo entre sus planes y remarc\u00f3 que exist\u00eda un objetivo compartido con Riquelme. <strong>\u201cNo, irme libre no. Con Rom\u00e1n siempre tuvimos la decisi\u00f3n de que al club le iba a entrar la guita. No pas\u00f3 lo del Napoli por un tema de cupo, pero estoy s\u00faper contento con lo del Monza. Les agradezco por haber confiado en m\u00ed y voy con mucha energ\u00eda a dar lo mejor\u201d<\/strong>.<\/p>\n\n\n\n<p class=\"wp-block-paragraph\">Finalmente, el atacante cerr\u00f3 su ciclo en el Xeneize para comenzar su primera experiencia en el f\u00fatbol europeo. <strong>La operaci\u00f3n con Monza se concret\u00f3 por 4 millones de euros por el 100% de los derechos, mientras que Boca mantendr\u00e1 una plusval\u00eda del 40% sobre una futura transferencia<\/strong>. El jugador firmar\u00e1 un contrato por cuatro temporadas con el conjunto italiano.<\/p>\n","protected":false},"excerpt":{"rendered":"<p>Exequiel Zeballos dej\u00f3 atr\u00e1s su etapa en Boca y viaj\u00f3 rumbo a Italia para convertirse en nuevo jugador del Monza. Antes de subir al avi\u00f3n, el delantero habl\u00f3 con los medios en Ezeiza y se refiri\u00f3 a su salida del club, dejando en claro que su intenci\u00f3n siempre fue que el Xeneize recibiera dinero por [&hellip;]<\/p>\n","protected":false},"author":1,"featured_media":18816,"comment_status":"closed","ping_status":"open","sticky":false,"template":"","format":"standard","meta":{"footnotes":""},"categories":[7],"tags":[385,111],"class_list":["post-18815","post","type-post","status-publish","format-standard","has-post-thumbnail","hentry","category-boca-juniors","tag-exequiel-zeballos","tag-mercado-de-pases"],"_links":{"self":[{"href":"https:\/\/www.futbolparatodos.com.ar\/noticias\/wp-json\/wp\/v2\/posts\/18815","targetHints":{"allow":["GET"]}}],"collection":[{"href":"https:\/\/www.futbolparatodos.com.ar\/noticias\/wp-json\/wp\/v2\/posts"}],"about":[{"href":"https:\/\/www.futbolparatodos.com.ar\/noticias\/wp-json\/wp\/v2\/types\/post"}],"author":[{"embeddable":true,"href":"https:\/\/www.futbolparatodos.com.ar\/noticias\/wp-json\/wp\/v2\/users\/1"}],"replies":[{"embeddable":true,"href":"https:\/\/www.futbolparatodos.com.ar\/noticias\/wp-json\/wp\/v2\/comments?post=18815"}],"version-history":[{"count":1,"href":"https:\/\/www.futbolparatodos.com.ar\/noticias\/wp-json\/wp\/v2\/posts\/18815\/revisions"}],"predecessor-version":[{"id":18817,"href":"https:\/\/www.futbolparatodos.com.ar\/noticias\/wp-json\/wp\/v2\/posts\/18815\/revisions\/18817"}],"wp:featuredmedia":[{"embeddable":true,"href":"https:\/\/www.futbolparatodos.com.ar\/noticias\/wp-json\/wp\/v2\/media\/18816"}],"wp:attachment":[{"href":"https:\/\/www.futbolparatodos.com.ar\/noticias\/wp-json\/wp\/v2\/media?parent=18815"}],"wp:term":[{"taxonomy":"category","embeddable":true,"href":"https:\/\/www.futbolparatodos.com.ar\/noticias\/wp-json\/wp\/v2\/categories?post=18815"},{"taxonomy":"post_tag","embeddable":true,"href":"https:\/\/www.futbolparatodos.com.ar\/noticias\/wp-json\/wp\/v2\/tags?post=18815"}],"curies":[{"name":"wp","href":"https:\/\/api.w.org\/{rel}","templated":true}]}}