{"id":18822,"date":"2026-09-02T09:15:00","date_gmt":"2026-09-02T07:15:00","guid":{"rendered":"https:\/\/www.futbolparatodos.com.ar\/noticias\/?p=18822"},"modified":"2026-09-03T05:57:02","modified_gmt":"2026-09-03T03:57:02","slug":"boca-vs-velez-hora-tv-y-formaciones-para-los-octavos-de-final-de-la-copa-argentina","status":"publish","type":"post","link":"https:\/\/www.futbolparatodos.com.ar\/noticias\/2026\/09\/02\/boca-vs-velez-hora-tv-y-formaciones-para-los-octavos-de-final-de-la-copa-argentina\/","title":{"rendered":"Boca vs. V\u00e9lez: hora, TV y formaciones para los octavos de final de la Copa Argentina"},"content":{"rendered":"\n<p class=\"wp-block-paragraph\"><strong>Boca vs. V\u00e9lez: hora, TV y formaciones para los octavos de final de la Copa Argentina Boca y V\u00e9lez se enfrentar\u00e1n este mi\u00e9rcoles desde las 21.15<\/strong> en el estadio Mario Alberto Kempes de C\u00f3rdoba, por los <a href=\"https:\/\/www.futbolparatodos.com.ar\/copa-argentina\">octavos de final de la Copa Argentina<\/a>. El encuentro tendr\u00e1 a Sebasti\u00e1n Zunino como \u00e1rbitro y <strong>ser\u00e1 televisado por TyC Sports y TyC Sports Play<\/strong>. El ganador avanzar\u00e1 a los cuartos de final, donde se encontrar\u00e1 con Racing, que viene de superar 1-0 a Belgrano.<\/p>\n\n\n<p><iframe loading=\"lazy\" class=\"aligncenter\" src=\"https:\/\/branded.datafactory.la\/contenta\/html\/v3\/index.html?channel=deportes.futbol.copaargentina.791851&#038;lang=es_LA\" width=\"100%\" height=\"1550\" frameborder=\"0\"><\/iframe><\/p>\n\n\n<p class=\"wp-block-paragraph\">El equipo dirigido por Rodolfo Arruabarrena llega a este compromiso despu\u00e9s de conseguir una <a href=\"https:\/\/www.futbolparatodos.com.ar\/noticias\/2026\/08\/29\/boca-volvio-a-la-bombonera-con-un-triunfo-agonico-ante-lanus\/\">victoria ag\u00f3nica frente a Lan\u00fas por el Torneo Clausura<\/a> y buscar\u00e1 trasladar ese envi\u00f3n al certamen nacional. Para este duelo, <strong>el entrenador realizar\u00e1 modificaciones y apostar\u00e1 por un equipo con Leandro Paredes desde el inicio, mientras que Tom\u00e1s Belmonte ocupar\u00e1 un lugar en el mediocampo en reemplazo del lesionado Milton Delgado<\/strong>.<\/p>\n\n\n\n<p class=\"wp-block-paragraph\">Tambi\u00e9n habr\u00e1 una variante en el lateral derecho, ya que <strong>Leandro Lozano volver\u00e1 a ser titular<\/strong> despu\u00e9s de recuperarse de la distensi\u00f3n muscular que lo hab\u00eda dejado afuera de los \u00faltimos partidos. En la defensa, <strong>Facundo Herrera continuar\u00e1 acompa\u00f1ando a Lautaro Di Lollo, mientras que Lautaro Blanco completar\u00e1 la l\u00ednea defensiva<\/strong>. \u00c1lvaro Montero ser\u00e1 nuevamente el encargado de custodiar el arco xeneize. En la zona ofensiva, <strong>Sebasti\u00e1n Villa, Miguel Merentiel y Alan Velasco conformar\u00e1n el tridente elegido por Arruabarrena<\/strong>.<\/p>\n\n\n\n<h2 class=\"wp-block-heading\">Probables formaciones<\/h2>\n\n\n\n<p class=\"wp-block-paragraph\"><strong>Boca<\/strong><\/p>\n\n\n\n<ul class=\"wp-block-list\">\n<li>\u00c1lvaro Montero<\/li>\n\n\n\n<li>Leandro Lozano<\/li>\n\n\n\n<li>Lautaro Di Lollo<\/li>\n\n\n\n<li>Facundo Herrera<\/li>\n\n\n\n<li>Lautaro Blanco<\/li>\n\n\n\n<li>Santiago Ascac\u00edbar<\/li>\n\n\n\n<li>Leandro Paredes<\/li>\n\n\n\n<li>Tom\u00e1s Belmonte<\/li>\n\n\n\n<li>Sebasti\u00e1n Villa<\/li>\n\n\n\n<li>Miguel Merentiel<\/li>\n\n\n\n<li>Alan Velasco<\/li>\n<\/ul>\n\n\n\n<p class=\"wp-block-paragraph\"><strong>DT:<\/strong> Rodolfo Arruabarrena<\/p>\n\n\n\n<p class=\"wp-block-paragraph\"><strong>V\u00e9lez<\/strong><\/p>\n\n\n\n<ul class=\"wp-block-list\">\n<li>Tom\u00e1s Marchiori<\/li>\n\n\n\n<li>Joaqu\u00edn Garc\u00eda<\/li>\n\n\n\n<li>Thiago Silvero<\/li>\n\n\n\n<li>Lisandro Magall\u00e1n<\/li>\n\n\n\n<li>El\u00edas G\u00f3mez<\/li>\n\n\n\n<li>Rodrigo Aliendro<\/li>\n\n\n\n<li>Lucas Robertone<\/li>\n\n\n\n<li>Mat\u00edas Pellegrini<\/li>\n\n\n\n<li>Manuel Lanzini<\/li>\n\n\n\n<li>Alex Veron<\/li>\n\n\n\n<li>Ronaldo Mart\u00ednez o Dylan Godoy<\/li>\n<\/ul>\n\n\n\n<p class=\"wp-block-paragraph\"><strong>DT:<\/strong> Guillermo Barros Schelotto<\/p>\n","protected":false},"excerpt":{"rendered":"<p>Boca vs. V\u00e9lez: hora, TV y formaciones para los octavos de final de la Copa Argentina Boca y V\u00e9lez se enfrentar\u00e1n este mi\u00e9rcoles desde las 21.15 en el estadio Mario Alberto Kempes de C\u00f3rdoba, por los octavos de final de la Copa Argentina. El encuentro tendr\u00e1 a Sebasti\u00e1n Zunino como \u00e1rbitro y ser\u00e1 televisado por [&hellip;]<\/p>\n","protected":false},"author":1,"featured_media":5238,"comment_status":"closed","ping_status":"open","sticky":false,"template":"","format":"standard","meta":{"footnotes":""},"categories":[7,15,10],"tags":[392,325,422,319,213],"class_list":["post-18822","post","type-post","status-publish","format-standard","has-post-thumbnail","hentry","category-boca-juniors","category-copa-argentina","category-velez-sarsfield","tag-guillermo-barros-schelotto","tag-leandro-paredes","tag-octavos-de-final","tag-rodolfo-arruabarrena","tag-sebastian-villa"],"_links":{"self":[{"href":"https:\/\/www.futbolparatodos.com.ar\/noticias\/wp-json\/wp\/v2\/posts\/18822","targetHints":{"allow":["GET"]}}],"collection":[{"href":"https:\/\/www.futbolparatodos.com.ar\/noticias\/wp-json\/wp\/v2\/posts"}],"about":[{"href":"https:\/\/www.futbolparatodos.com.ar\/noticias\/wp-json\/wp\/v2\/types\/post"}],"author":[{"embeddable":true,"href":"https:\/\/www.futbolparatodos.com.ar\/noticias\/wp-json\/wp\/v2\/users\/1"}],"replies":[{"embeddable":true,"href":"https:\/\/www.futbolparatodos.com.ar\/noticias\/wp-json\/wp\/v2\/comments?post=18822"}],"version-history":[{"count":2,"href":"https:\/\/www.futbolparatodos.com.ar\/noticias\/wp-json\/wp\/v2\/posts\/18822\/revisions"}],"predecessor-version":[{"id":18824,"href":"https:\/\/www.futbolparatodos.com.ar\/noticias\/wp-json\/wp\/v2\/posts\/18822\/revisions\/18824"}],"wp:featuredmedia":[{"embeddable":true,"href":"https:\/\/www.futbolparatodos.com.ar\/noticias\/wp-json\/wp\/v2\/media\/5238"}],"wp:attachment":[{"href":"https:\/\/www.futbolparatodos.com.ar\/noticias\/wp-json\/wp\/v2\/media?parent=18822"}],"wp:term":[{"taxonomy":"category","embeddable":true,"href":"https:\/\/www.futbolparatodos.com.ar\/noticias\/wp-json\/wp\/v2\/categories?post=18822"},{"taxonomy":"post_tag","embeddable":true,"href":"https:\/\/www.futbolparatodos.com.ar\/noticias\/wp-json\/wp\/v2\/tags?post=18822"}],"curies":[{"name":"wp","href":"https:\/\/api.w.org\/{rel}","templated":true}]}}