{"id":18828,"date":"2026-09-03T16:34:23","date_gmt":"2026-09-03T14:34:23","guid":{"rendered":"https:\/\/www.futbolparatodos.com.ar\/noticias\/?p=18828"},"modified":"2026-09-03T16:34:24","modified_gmt":"2026-09-03T14:34:24","slug":"juanfer-quintero-volvio-a-hablar-de-coudet-y-fue-contundente-tras-su-salida-de-river","status":"publish","type":"post","link":"https:\/\/www.futbolparatodos.com.ar\/noticias\/2026\/09\/03\/juanfer-quintero-volvio-a-hablar-de-coudet-y-fue-contundente-tras-su-salida-de-river\/","title":{"rendered":"Juanfer Quintero volvi\u00f3 a hablar de Coudet y fue contundente tras su salida de River"},"content":{"rendered":"\n<p class=\"wp-block-paragraph\"><strong>Juan Fernando Quintero volvi\u00f3 a referirse a su conflictiva relaci\u00f3n con Eduardo Coudet<\/strong>, apenas una semana despu\u00e9s de que el entrenador dejara su cargo en River. <strong>El mediocampista colombiano habl\u00f3 en una entrevista con Win Sports y repas\u00f3 los motivos que lo llevaron a tomar distancia del Millonario<\/strong>, adem\u00e1s de explicar nuevamente sus cuestionamientos hacia el t\u00e9cnico.<\/p>\n\n\n\n<p class=\"wp-block-paragraph\">El futbolista sostuvo que sus declaraciones anteriores estuvieron vinculadas con una experiencia personal y remarc\u00f3 que, desde su perspectiva, el tiempo termin\u00f3 respaldando parte de lo que hab\u00eda expresado. <strong>\u201cYo quiero hacer esto a un costado porque, despu\u00e9s de lo que me pas\u00f3 y despu\u00e9s de todo lo que he vivido con River, ha sido muy dif\u00edcil para m\u00ed, \u00bfs\u00ed? El dejar al lado un cari\u00f1o, un respeto y una gratitud por todo lo que me ha dado el club y por todo lo que hemos vivido, se gener\u00f3 mucho revuelo porque yo simplemente trat\u00e9 de ser sincero. Y a m\u00ed el tiempo realmente me dio la raz\u00f3n. Y no soy el due\u00f1o de la verdad, aclaro\u201d<\/strong>, manifest\u00f3.<\/p>\n\n\n\n<p class=\"wp-block-paragraph\"><strong>Quintero tambi\u00e9n aclar\u00f3 que nunca tuvo la intenci\u00f3n de faltarle el respeto a Coudet<\/strong> y explic\u00f3 que las diferencias estuvieron relacionadas con las distintas maneras de entender el f\u00fatbol y el rol de un jugador dentro de un equipo. <strong>\u201cPero son diferentes formas en las que muchos entrenadores ven el f\u00fatbol y el futbolista, y ven si puede aportar o no, y eso se respeta. Nunca le falt\u00e9 al respeto. Simplemente dije las palabras que yo sent\u00eda y lo que yo viv\u00ed en experiencia propia. Y quiero aclarar esto porque en ning\u00fan momento le falt\u00e9 al respeto, son sus formas\u201d<\/strong>, expres\u00f3 el colombiano.<\/p>\n\n\n\n<p class=\"wp-block-paragraph\">En la misma entrevista, Juanfer explic\u00f3 que para \u00e9l la relaci\u00f3n con el entrenador resulta determinante al momento de definir su futuro profesional. <strong>\u201cPero hoy estoy con un entrenador que me da la confianza, que me conoce. Y siempre he dicho que un entrenador o te frustra o te potencia\u201d<\/strong>, se\u00f1al\u00f3. Quintero, de 31 a\u00f1os, destac\u00f3 adem\u00e1s que actualmente busca sentirse importante y tener claro cu\u00e1l ser\u00e1 su funci\u00f3n dentro de un proyecto, mientras disfruta nuevamente de su presente en Medell\u00edn.<\/p>\n","protected":false},"excerpt":{"rendered":"<p>Juan Fernando Quintero volvi\u00f3 a referirse a su conflictiva relaci\u00f3n con Eduardo Coudet, apenas una semana despu\u00e9s de que el entrenador dejara su cargo en River. El mediocampista colombiano habl\u00f3 en una entrevista con Win Sports y repas\u00f3 los motivos que lo llevaron a tomar distancia del Millonario, adem\u00e1s de explicar nuevamente sus cuestionamientos hacia [&hellip;]<\/p>\n","protected":false},"author":1,"featured_media":18829,"comment_status":"closed","ping_status":"open","sticky":false,"template":"","format":"standard","meta":{"footnotes":""},"categories":[13],"tags":[578,332],"class_list":["post-18828","post","type-post","status-publish","format-standard","has-post-thumbnail","hentry","category-river-plate","tag-eduardo-coudet","tag-juanfer-quintero"],"_links":{"self":[{"href":"https:\/\/www.futbolparatodos.com.ar\/noticias\/wp-json\/wp\/v2\/posts\/18828","targetHints":{"allow":["GET"]}}],"collection":[{"href":"https:\/\/www.futbolparatodos.com.ar\/noticias\/wp-json\/wp\/v2\/posts"}],"about":[{"href":"https:\/\/www.futbolparatodos.com.ar\/noticias\/wp-json\/wp\/v2\/types\/post"}],"author":[{"embeddable":true,"href":"https:\/\/www.futbolparatodos.com.ar\/noticias\/wp-json\/wp\/v2\/users\/1"}],"replies":[{"embeddable":true,"href":"https:\/\/www.futbolparatodos.com.ar\/noticias\/wp-json\/wp\/v2\/comments?post=18828"}],"version-history":[{"count":1,"href":"https:\/\/www.futbolparatodos.com.ar\/noticias\/wp-json\/wp\/v2\/posts\/18828\/revisions"}],"predecessor-version":[{"id":18830,"href":"https:\/\/www.futbolparatodos.com.ar\/noticias\/wp-json\/wp\/v2\/posts\/18828\/revisions\/18830"}],"wp:featuredmedia":[{"embeddable":true,"href":"https:\/\/www.futbolparatodos.com.ar\/noticias\/wp-json\/wp\/v2\/media\/18829"}],"wp:attachment":[{"href":"https:\/\/www.futbolparatodos.com.ar\/noticias\/wp-json\/wp\/v2\/media?parent=18828"}],"wp:term":[{"taxonomy":"category","embeddable":true,"href":"https:\/\/www.futbolparatodos.com.ar\/noticias\/wp-json\/wp\/v2\/categories?post=18828"},{"taxonomy":"post_tag","embeddable":true,"href":"https:\/\/www.futbolparatodos.com.ar\/noticias\/wp-json\/wp\/v2\/tags?post=18828"}],"curies":[{"name":"wp","href":"https:\/\/api.w.org\/{rel}","templated":true}]}}