{"id":18831,"date":"2026-09-03T17:01:22","date_gmt":"2026-09-03T15:01:22","guid":{"rendered":"https:\/\/www.futbolparatodos.com.ar\/noticias\/?p=18831"},"modified":"2026-09-03T17:01:23","modified_gmt":"2026-09-03T15:01:23","slug":"paredes-tiene-una-contractura-y-en-boca-lo-preservan-con-la-mira-puesta-en-san-pablo","status":"publish","type":"post","link":"https:\/\/www.futbolparatodos.com.ar\/noticias\/2026\/09\/03\/paredes-tiene-una-contractura-y-en-boca-lo-preservan-con-la-mira-puesta-en-san-pablo\/","title":{"rendered":"Paredes tiene una contractura y en Boca lo preservan con la mira puesta en San Pablo"},"content":{"rendered":"\n<p class=\"wp-block-paragraph\">Leandro Paredes encendi\u00f3 las alarmas en Boca durante el cierre del <a href=\"https:\/\/www.futbolparatodos.com.ar\/noticias\/2026\/09\/03\/boca-elimino-a-velez-por-penales-y-se-metio-en-los-cuartos-de-final-de-la-copa-argentina\/\">partido ante V\u00e9lez<\/a>, pero los primeros controles llevaron tranquilidad al cuerpo t\u00e9cnico. <strong>El mediocampista presenta una contractura en el isquiotibial izquierdo, la misma zona que ya le hab\u00eda generado inconvenientes semanas atr\u00e1s<\/strong>. Por precauci\u00f3n, el capit\u00e1n no ser\u00e1 arriesgado este s\u00e1bado frente a Gimnasia y Esgrima de Mendoza y <strong>el principal objetivo es que pueda estar disponible ante San Pablo<\/strong>.<\/p>\n\n\n\n<p class=\"wp-block-paragraph\">La molestia apareci\u00f3 en los minutos finales del encuentro por los octavos de final de la Copa Argentina, cuando <strong>Paredes pidi\u00f3 ser reemplazado poco antes de la definici\u00f3n por penales<\/strong>. Si bien la situaci\u00f3n gener\u00f3 preocupaci\u00f3n por el antecedente reciente, desde Boca consideran que no se trata de una lesi\u00f3n de gravedad. <strong>La zona afectada es la misma que hab\u00eda sufrido una lesi\u00f3n frente a Platense<\/strong>, que anteriormente lo hab\u00eda dejado afuera de compromisos importantes.<\/p>\n\n\n\n<p class=\"wp-block-paragraph\">Rodolfo Arruabarrena tambi\u00e9n llev\u00f3 tranquilidad despu\u00e9s del encuentro y explic\u00f3 que el cambio estuvo relacionado con una se\u00f1al de alerta del futbolista. <strong>\u201cTuvo un aviso. Es inteligente, hizo se\u00f1as, pero nada grave. Tuvo mucho despliegue. Fue para arriba, para abajo. Hubo situaciones en las cuales tuvo que defender y se siente. Llevamos much\u00edsimos partidos\u201d<\/strong>, manifest\u00f3 el entrenador. Paredes formar\u00e1 parte de la delegaci\u00f3n que viajar\u00e1 a Mendoza, aunque ser\u00e1 preservado ante Gimnasia para evitar que la sobrecarga pueda transformarse en un problema mayor.<\/p>\n\n\n\n<p class=\"wp-block-paragraph\">La decisi\u00f3n apunta directamente al pr\u00f3ximo gran compromiso del Xeneize: el martes, desde las 21.30, Boca recibir\u00e1 a San Pablo en La Bombonera por la ida de los cuartos de final de la Copa Sudamericana. <strong>En el club conf\u00edan en que la evoluci\u00f3n de Paredes ser\u00e1 favorable y que podr\u00e1 estar a disposici\u00f3n para ese encuentro<\/strong>, aunque dif\u00edcilmente llegue con el descanso y la recuperaci\u00f3n ideales debido a la exigente seguidilla de partidos.<\/p>\n","protected":false},"excerpt":{"rendered":"<p>Leandro Paredes encendi\u00f3 las alarmas en Boca durante el cierre del partido ante V\u00e9lez, pero los primeros controles llevaron tranquilidad al cuerpo t\u00e9cnico. El mediocampista presenta una contractura en el isquiotibial izquierdo, la misma zona que ya le hab\u00eda generado inconvenientes semanas atr\u00e1s. Por precauci\u00f3n, el capit\u00e1n no ser\u00e1 arriesgado este s\u00e1bado frente a Gimnasia [&hellip;]<\/p>\n","protected":false},"author":1,"featured_media":9401,"comment_status":"closed","ping_status":"open","sticky":false,"template":"","format":"standard","meta":{"footnotes":""},"categories":[13],"tags":[325,166],"class_list":["post-18831","post","type-post","status-publish","format-standard","has-post-thumbnail","hentry","category-river-plate","tag-leandro-paredes","tag-lesion"],"_links":{"self":[{"href":"https:\/\/www.futbolparatodos.com.ar\/noticias\/wp-json\/wp\/v2\/posts\/18831","targetHints":{"allow":["GET"]}}],"collection":[{"href":"https:\/\/www.futbolparatodos.com.ar\/noticias\/wp-json\/wp\/v2\/posts"}],"about":[{"href":"https:\/\/www.futbolparatodos.com.ar\/noticias\/wp-json\/wp\/v2\/types\/post"}],"author":[{"embeddable":true,"href":"https:\/\/www.futbolparatodos.com.ar\/noticias\/wp-json\/wp\/v2\/users\/1"}],"replies":[{"embeddable":true,"href":"https:\/\/www.futbolparatodos.com.ar\/noticias\/wp-json\/wp\/v2\/comments?post=18831"}],"version-history":[{"count":1,"href":"https:\/\/www.futbolparatodos.com.ar\/noticias\/wp-json\/wp\/v2\/posts\/18831\/revisions"}],"predecessor-version":[{"id":18832,"href":"https:\/\/www.futbolparatodos.com.ar\/noticias\/wp-json\/wp\/v2\/posts\/18831\/revisions\/18832"}],"wp:featuredmedia":[{"embeddable":true,"href":"https:\/\/www.futbolparatodos.com.ar\/noticias\/wp-json\/wp\/v2\/media\/9401"}],"wp:attachment":[{"href":"https:\/\/www.futbolparatodos.com.ar\/noticias\/wp-json\/wp\/v2\/media?parent=18831"}],"wp:term":[{"taxonomy":"category","embeddable":true,"href":"https:\/\/www.futbolparatodos.com.ar\/noticias\/wp-json\/wp\/v2\/categories?post=18831"},{"taxonomy":"post_tag","embeddable":true,"href":"https:\/\/www.futbolparatodos.com.ar\/noticias\/wp-json\/wp\/v2\/tags?post=18831"}],"curies":[{"name":"wp","href":"https:\/\/api.w.org\/{rel}","templated":true}]}}