{"id":18834,"date":"2026-09-03T21:25:00","date_gmt":"2026-09-03T19:25:00","guid":{"rendered":"https:\/\/www.futbolparatodos.com.ar\/noticias\/?p=18834"},"modified":"2026-09-03T21:25:01","modified_gmt":"2026-09-03T19:25:01","slug":"el-plan-de-afa-con-messi-para-su-posible-ultima-aparicion-con-la-seleccion-argentina","status":"publish","type":"post","link":"https:\/\/www.futbolparatodos.com.ar\/noticias\/2026\/09\/03\/el-plan-de-afa-con-messi-para-su-posible-ultima-aparicion-con-la-seleccion-argentina\/","title":{"rendered":"El plan de AFA con Messi para su posible \u00faltima aparici\u00f3n con la Selecci\u00f3n Argentina"},"content":{"rendered":"\n<p class=\"wp-block-paragraph\"><strong>La AFA ya trabaja en la organizaci\u00f3n de los amistosos que tendr\u00e1 la Selecci\u00f3n Argentina durante la pr\u00f3xima fecha FIFA, que se desarrollar\u00e1 entre el 21 de septiembre y el 6 de octubre<\/strong>. Aunque todav\u00eda no fueron confirmados los rivales, existe una intenci\u00f3n concreta: <strong>invitar a Lionel Messi para que pueda volver a vestir la camiseta argentina<\/strong> en el pa\u00eds luego de anunciar su retiro del seleccionado.<\/p>\n\n\n\n<p class=\"wp-block-paragraph\">El capit\u00e1n dej\u00f3 entrever que su despedida de la Albiceleste hab\u00eda sido el partido disputado ante Espa\u00f1a el pasado 19 de julio en Nueva York-Nueva Jersey. Sin embargo, <strong>desde la Asociaci\u00f3n del F\u00fatbol Argentino mantienen la idea de ofrecerle una \u00faltima oportunidad para jugar frente al p\u00fablico argentino<\/strong>. La decisi\u00f3n final estar\u00e1 exclusivamente en manos del propio Messi y desde la AFA aseguran que respetar\u00e1n su determinaci\u00f3n.<\/p>\n\n\n\n<p class=\"wp-block-paragraph\">La presencia del rosarino tendr\u00eda adem\u00e1s un significado especial por su enorme recorrido con la Selecci\u00f3n. <strong>Messi disput\u00f3 207 encuentros durante dos d\u00e9cadas, entre partidos oficiales y amistosos, por lo que una nueva presentaci\u00f3n elevar\u00eda esa cifra a 208<\/strong>. Mientras tanto, la Selecci\u00f3n Argentina ya hab\u00eda realizado un reconocimiento p\u00fablico al futbolista tras su decisi\u00f3n, con un mensaje que resumi\u00f3 el v\u00ednculo construido durante todos estos a\u00f1os: \u201cGracias eternas, Leo. Te vamos a amar hasta el final de nuestros d\u00edas\u201d.<\/p>\n\n\n\n<p class=\"wp-block-paragraph\">El escenario todav\u00eda no est\u00e1 definido y tampoco existen adversarios confirmados para los pr\u00f3ximos compromisos. Lo que s\u00ed est\u00e1 claro es que <strong>la AFA pretende que Messi tenga la posibilidad de decidir si quiere participar de esa serie de amistosos<\/strong> y, eventualmente, despedirse de la camiseta argentina en territorio nacional. <strong>Despu\u00e9s de tantos a\u00f1os y de haber conseguido los principales t\u00edtulos con la Albiceleste, el futuro del capit\u00e1n quedar\u00e1 ahora atado a una \u00faltima decisi\u00f3n personal<\/strong>.<\/p>\n","protected":false},"excerpt":{"rendered":"<p>La AFA ya trabaja en la organizaci\u00f3n de los amistosos que tendr\u00e1 la Selecci\u00f3n Argentina durante la pr\u00f3xima fecha FIFA, que se desarrollar\u00e1 entre el 21 de septiembre y el 6 de octubre. Aunque todav\u00eda no fueron confirmados los rivales, existe una intenci\u00f3n concreta: invitar a Lionel Messi para que pueda volver a vestir la [&hellip;]<\/p>\n","protected":false},"author":1,"featured_media":18835,"comment_status":"closed","ping_status":"open","sticky":false,"template":"","format":"standard","meta":{"footnotes":""},"categories":[5],"tags":[109,235],"class_list":["post-18834","post","type-post","status-publish","format-standard","has-post-thumbnail","hentry","category-seleccion-argentina","tag-afa","tag-lionel-messi"],"_links":{"self":[{"href":"https:\/\/www.futbolparatodos.com.ar\/noticias\/wp-json\/wp\/v2\/posts\/18834","targetHints":{"allow":["GET"]}}],"collection":[{"href":"https:\/\/www.futbolparatodos.com.ar\/noticias\/wp-json\/wp\/v2\/posts"}],"about":[{"href":"https:\/\/www.futbolparatodos.com.ar\/noticias\/wp-json\/wp\/v2\/types\/post"}],"author":[{"embeddable":true,"href":"https:\/\/www.futbolparatodos.com.ar\/noticias\/wp-json\/wp\/v2\/users\/1"}],"replies":[{"embeddable":true,"href":"https:\/\/www.futbolparatodos.com.ar\/noticias\/wp-json\/wp\/v2\/comments?post=18834"}],"version-history":[{"count":1,"href":"https:\/\/www.futbolparatodos.com.ar\/noticias\/wp-json\/wp\/v2\/posts\/18834\/revisions"}],"predecessor-version":[{"id":18836,"href":"https:\/\/www.futbolparatodos.com.ar\/noticias\/wp-json\/wp\/v2\/posts\/18834\/revisions\/18836"}],"wp:featuredmedia":[{"embeddable":true,"href":"https:\/\/www.futbolparatodos.com.ar\/noticias\/wp-json\/wp\/v2\/media\/18835"}],"wp:attachment":[{"href":"https:\/\/www.futbolparatodos.com.ar\/noticias\/wp-json\/wp\/v2\/media?parent=18834"}],"wp:term":[{"taxonomy":"category","embeddable":true,"href":"https:\/\/www.futbolparatodos.com.ar\/noticias\/wp-json\/wp\/v2\/categories?post=18834"},{"taxonomy":"post_tag","embeddable":true,"href":"https:\/\/www.futbolparatodos.com.ar\/noticias\/wp-json\/wp\/v2\/tags?post=18834"}],"curies":[{"name":"wp","href":"https:\/\/api.w.org\/{rel}","templated":true}]}}