{"id":18837,"date":"2026-09-03T21:38:12","date_gmt":"2026-09-03T19:38:12","guid":{"rendered":"https:\/\/www.futbolparatodos.com.ar\/noticias\/?p=18837"},"modified":"2026-09-03T21:38:13","modified_gmt":"2026-09-03T19:38:13","slug":"boca-mueve-el-equipo-arruabarrena-prepara-varios-cambios-ante-gimnasia","status":"publish","type":"post","link":"https:\/\/www.futbolparatodos.com.ar\/noticias\/2026\/09\/03\/boca-mueve-el-equipo-arruabarrena-prepara-varios-cambios-ante-gimnasia\/","title":{"rendered":"Boca mueve el equipo: Arruabarrena prepara varios cambios ante Gimnasia"},"content":{"rendered":"\n<p class=\"wp-block-paragraph\">Boca no tiene tiempo para descansar despu\u00e9s de <a href=\"https:\/\/www.futbolparatodos.com.ar\/noticias\/2026\/09\/03\/boca-elimino-a-velez-por-penales-y-se-metio-en-los-cuartos-de-final-de-la-copa-argentina\/\">la clasificaci\u00f3n ante V\u00e9lez por la Copa Argentina<\/a> y ya tiene la cabeza puesta en sus pr\u00f3ximos compromisos. <strong>Rodolfo Arruabarrena analiza presentar un equipo alternativo este s\u00e1bado frente a Gimnasia de Mendoza, por la octava fecha del Torneo Clausura<\/strong>, con el objetivo de cuidar a varios futbolistas para el duelo del martes ante San Pablo, por los cuartos de final de la Copa Sudamericana.<\/p>\n\n\n\n<p class=\"wp-block-paragraph\"><strong>La principal baja ser\u00e1 Leandro Paredes, quien termin\u00f3 el encuentro ante V\u00e9lez con una contractura en el isquiotibial izquierdo <\/strong>y ser\u00e1 preservado para intentar que llegue en condiciones al compromiso internacional. A su vez, el extenso calendario y el desgaste acumulado llevan al entrenador a evaluar una rotaci\u00f3n importante. <strong>Entre las variantes defensivas, Marco Pellegrino podr\u00eda volver a la titularidad, mientras que Dylan Gorosito y Nicol\u00e1s Figal aparecen como alternativas para ocupar distintos lugares en la \u00faltima l\u00ednea<\/strong>.<\/p>\n\n\n\n<p class=\"wp-block-paragraph\">En el mediocampo, la ausencia de Paredes y Milton Delgado reduce las opciones disponibles. Santiago Ascac\u00edbar y Tom\u00e1s Belmonte podr\u00edan compartir la zona central junto a Camilo Rey Domenech, aunque Kevin Zen\u00f3n tambi\u00e9n tendr\u00eda posibilidades de comenzar desde el arranque. En ataque, la principal novedad ser\u00eda Enner Valencia, quien tendr\u00eda su primera oportunidad como titular desde su llegada al Xeneize. Alan Velasco, Sebasti\u00e1n Villa y Leonel Flores aparecen como candidatos para completar el frente ofensivo.<\/p>\n\n\n\n<p class=\"wp-block-paragraph\">La probable formaci\u00f3n de Boca ante Gimnasia de Mendoza ser\u00eda: <strong>\u00c1lvaro Montero; Dylan Gorosito, Nicol\u00e1s Figal, Marco Pellegrino, Lautaro Blanco; Santiago Ascac\u00edbar, Camilo Rey Domenech, Tom\u00e1s Belmonte; Alan Velasco, Enner Valencia y Sebasti\u00e1n Villa o Leonel Flores<\/strong>. De esta manera, Arruabarrena buscar\u00e1 administrar las cargas sin descuidar el torneo local, aunque con la prioridad puesta en llegar con sus principales futbolistas al choque frente a San Pablo en La Bombonera.<\/p>\n\n\n\n<h2 class=\"wp-block-heading\">Probable formaci\u00f3n de Boca<\/h2>\n\n\n\n<ul class=\"wp-block-list\">\n<li>\u00c1lvaro Montero<\/li>\n\n\n\n<li>Dylan Gorosito, Nicol\u00e1s Figal, Marco Pellegrino, Lautaro Blanco<\/li>\n\n\n\n<li>Santiago Ascac\u00edbar, Camilo Rey Domenech, Tom\u00e1s Belmonte<\/li>\n\n\n\n<li>Alan Velasco, Enner Valencia y Sebasti\u00e1n Villa o Leonel Flores<\/li>\n<\/ul>\n","protected":false},"excerpt":{"rendered":"<p>Boca no tiene tiempo para descansar despu\u00e9s de la clasificaci\u00f3n ante V\u00e9lez por la Copa Argentina y ya tiene la cabeza puesta en sus pr\u00f3ximos compromisos. Rodolfo Arruabarrena analiza presentar un equipo alternativo este s\u00e1bado frente a Gimnasia de Mendoza, por la octava fecha del Torneo Clausura, con el objetivo de cuidar a varios futbolistas [&hellip;]<\/p>\n","protected":false},"author":1,"featured_media":17940,"comment_status":"closed","ping_status":"open","sticky":false,"template":"","format":"standard","meta":{"footnotes":""},"categories":[7],"tags":[794,325,319,509],"class_list":["post-18837","post","type-post","status-publish","format-standard","has-post-thumbnail","hentry","category-boca-juniors","tag-enner-valencia","tag-leandro-paredes","tag-rodolfo-arruabarrena","tag-santiago-ascacibar"],"_links":{"self":[{"href":"https:\/\/www.futbolparatodos.com.ar\/noticias\/wp-json\/wp\/v2\/posts\/18837","targetHints":{"allow":["GET"]}}],"collection":[{"href":"https:\/\/www.futbolparatodos.com.ar\/noticias\/wp-json\/wp\/v2\/posts"}],"about":[{"href":"https:\/\/www.futbolparatodos.com.ar\/noticias\/wp-json\/wp\/v2\/types\/post"}],"author":[{"embeddable":true,"href":"https:\/\/www.futbolparatodos.com.ar\/noticias\/wp-json\/wp\/v2\/users\/1"}],"replies":[{"embeddable":true,"href":"https:\/\/www.futbolparatodos.com.ar\/noticias\/wp-json\/wp\/v2\/comments?post=18837"}],"version-history":[{"count":1,"href":"https:\/\/www.futbolparatodos.com.ar\/noticias\/wp-json\/wp\/v2\/posts\/18837\/revisions"}],"predecessor-version":[{"id":18838,"href":"https:\/\/www.futbolparatodos.com.ar\/noticias\/wp-json\/wp\/v2\/posts\/18837\/revisions\/18838"}],"wp:featuredmedia":[{"embeddable":true,"href":"https:\/\/www.futbolparatodos.com.ar\/noticias\/wp-json\/wp\/v2\/media\/17940"}],"wp:attachment":[{"href":"https:\/\/www.futbolparatodos.com.ar\/noticias\/wp-json\/wp\/v2\/media?parent=18837"}],"wp:term":[{"taxonomy":"category","embeddable":true,"href":"https:\/\/www.futbolparatodos.com.ar\/noticias\/wp-json\/wp\/v2\/categories?post=18837"},{"taxonomy":"post_tag","embeddable":true,"href":"https:\/\/www.futbolparatodos.com.ar\/noticias\/wp-json\/wp\/v2\/tags?post=18837"}],"curies":[{"name":"wp","href":"https:\/\/api.w.org\/{rel}","templated":true}]}}