{"id":18839,"date":"2026-09-04T01:21:17","date_gmt":"2026-09-03T23:21:17","guid":{"rendered":"https:\/\/www.futbolparatodos.com.ar\/noticias\/?p=18839"},"modified":"2026-09-04T01:28:13","modified_gmt":"2026-09-03T23:28:13","slug":"pezzella-ya-es-jugador-de-penarol-y-tuvo-un-especial-recuerdo-para-river","status":"publish","type":"post","link":"https:\/\/www.futbolparatodos.com.ar\/noticias\/2026\/09\/04\/pezzella-ya-es-jugador-de-penarol-y-tuvo-un-especial-recuerdo-para-river\/","title":{"rendered":"Pezzella ya es jugador de Pe\u00f1arol y tuvo un especial recuerdo para River"},"content":{"rendered":"\n<p class=\"wp-block-paragraph\"><strong>Germ\u00e1n Pezzella fue presentado oficialmente como nuevo jugador de Pe\u00f1arol<\/strong> y, durante su primera conferencia de prensa como futbolista del conjunto uruguayo, <strong>aprovech\u00f3 la oportunidad para despedirse p\u00fablicamente de River<\/strong>. El defensor de 35 a\u00f1os, que hab\u00eda rescindido su contrato con el Millonario a fines de agosto, inici\u00f3 as\u00ed una nueva etapa de su carrera con el pase en su poder y un v\u00ednculo de 18 meses con el Manya.<\/p>\n\n\n\n<p class=\"wp-block-paragraph\">El zaguero dedic\u00f3 unas palabras especiales a la instituci\u00f3n de N\u00fa\u00f1ez y reconoci\u00f3 el lugar que ocupa en su vida, luego de un \u00faltimo per\u00edodo alejado del plantel profesional. <strong>\u201cAprovecho este espacio para despedirme p\u00fablicamente de River. Es el club m\u00e1s importante de mi vida por todo lo que pas\u00e9 ah\u00ed, as\u00ed que le agradezco a la gente porque siento un cari\u00f1o muy grande. Ahora, iniciamos una nueva aventura. Muy ilusionado, muy contento y con ganas de arrancar\u201d<\/strong>, expres\u00f3 Pezzella frente a los medios.<\/p>\n\n\n<div class=\"wp-block-image\">\n<figure class=\"aligncenter size-full\"><img loading=\"lazy\" decoding=\"async\" width=\"550\" height=\"718\" src=\"https:\/\/www.futbolparatodos.com.ar\/noticias\/wp-content\/uploads\/2026\/09\/pezzella-fue-presentado-en-penarol.jpg\" alt=\"Pezzella fue presentado en Pe\u00f1arol\" class=\"wp-image-18842\" srcset=\"https:\/\/www.futbolparatodos.com.ar\/noticias\/wp-content\/uploads\/2026\/09\/pezzella-fue-presentado-en-penarol.jpg 550w, https:\/\/www.futbolparatodos.com.ar\/noticias\/wp-content\/uploads\/2026\/09\/pezzella-fue-presentado-en-penarol-230x300.jpg 230w\" sizes=\"auto, (max-width: 550px) 100vw, 550px\" \/><figcaption class=\"wp-element-caption\">Pezzella fue presentado en Pe\u00f1arol<\/figcaption><\/figure>\n<\/div>\n\n\n<p class=\"wp-block-paragraph\">Durante el \u00faltimo semestre, <strong>el defensor se entren\u00f3 en el Predio de Cantilo junto a otros futbolistas que no estaban contemplados dentro del proyecto del entonces entrenador Eduardo Coudet<\/strong>. Aunque en determinado momento integrantes del plantel principal solicitaron que volviera a trabajar con el grupo, la dirigencia decidi\u00f3 mantener la postura y no concret\u00f3 su reincorporaci\u00f3n. Ahora, Pezzella dej\u00f3 atr\u00e1s esa situaci\u00f3n y se mostr\u00f3 preparado para afrontar el desaf\u00edo en el f\u00fatbol uruguayo.<\/p>\n\n\n\n<p class=\"wp-block-paragraph\"><strong>\u201cLlego bien, habl\u00e9 con Diego (Aguirre) y estoy a disposici\u00f3n para lo que \u00e9l necesite. Tengo ganas de ponerme a la par de mis compa\u00f1eros\u201d<\/strong>, afirm\u00f3 el defensor, que tambi\u00e9n destac\u00f3 su deseo de competir y la historia de Pe\u00f1arol. En el conjunto aurinegro compartir\u00e1 plantel con Leonel Jaime, juvenil surgido de River que lleg\u00f3 a pr\u00e9stamo y extendi\u00f3 su estad\u00eda hasta mediados de 2027 tras cumplir los objetivos establecidos en el acuerdo. El presidente Ignacio Ruglio, por su parte, resalt\u00f3 el recorrido de Pezzella y sus t\u00edtulos internacionales al darle la bienvenida.<\/p>\n","protected":false},"excerpt":{"rendered":"<p>Germ\u00e1n Pezzella fue presentado oficialmente como nuevo jugador de Pe\u00f1arol y, durante su primera conferencia de prensa como futbolista del conjunto uruguayo, aprovech\u00f3 la oportunidad para despedirse p\u00fablicamente de River. El defensor de 35 a\u00f1os, que hab\u00eda rescindido su contrato con el Millonario a fines de agosto, inici\u00f3 as\u00ed una nueva etapa de su carrera [&hellip;]<\/p>\n","protected":false},"author":1,"featured_media":10462,"comment_status":"closed","ping_status":"open","sticky":false,"template":"","format":"standard","meta":{"footnotes":""},"categories":[13],"tags":[266,111],"class_list":["post-18839","post","type-post","status-publish","format-standard","has-post-thumbnail","hentry","category-river-plate","tag-german-pezzella","tag-mercado-de-pases"],"_links":{"self":[{"href":"https:\/\/www.futbolparatodos.com.ar\/noticias\/wp-json\/wp\/v2\/posts\/18839","targetHints":{"allow":["GET"]}}],"collection":[{"href":"https:\/\/www.futbolparatodos.com.ar\/noticias\/wp-json\/wp\/v2\/posts"}],"about":[{"href":"https:\/\/www.futbolparatodos.com.ar\/noticias\/wp-json\/wp\/v2\/types\/post"}],"author":[{"embeddable":true,"href":"https:\/\/www.futbolparatodos.com.ar\/noticias\/wp-json\/wp\/v2\/users\/1"}],"replies":[{"embeddable":true,"href":"https:\/\/www.futbolparatodos.com.ar\/noticias\/wp-json\/wp\/v2\/comments?post=18839"}],"version-history":[{"count":3,"href":"https:\/\/www.futbolparatodos.com.ar\/noticias\/wp-json\/wp\/v2\/posts\/18839\/revisions"}],"predecessor-version":[{"id":18843,"href":"https:\/\/www.futbolparatodos.com.ar\/noticias\/wp-json\/wp\/v2\/posts\/18839\/revisions\/18843"}],"wp:featuredmedia":[{"embeddable":true,"href":"https:\/\/www.futbolparatodos.com.ar\/noticias\/wp-json\/wp\/v2\/media\/10462"}],"wp:attachment":[{"href":"https:\/\/www.futbolparatodos.com.ar\/noticias\/wp-json\/wp\/v2\/media?parent=18839"}],"wp:term":[{"taxonomy":"category","embeddable":true,"href":"https:\/\/www.futbolparatodos.com.ar\/noticias\/wp-json\/wp\/v2\/categories?post=18839"},{"taxonomy":"post_tag","embeddable":true,"href":"https:\/\/www.futbolparatodos.com.ar\/noticias\/wp-json\/wp\/v2\/tags?post=18839"}],"curies":[{"name":"wp","href":"https:\/\/api.w.org\/{rel}","templated":true}]}}