{"id":18847,"date":"2026-09-04T03:43:18","date_gmt":"2026-09-04T01:43:18","guid":{"rendered":"https:\/\/www.futbolparatodos.com.ar\/noticias\/?p=18847"},"modified":"2026-09-04T03:54:01","modified_gmt":"2026-09-04T01:54:01","slug":"boca-recibio-una-aprobacion-clave-para-la-bombonera-podra-utilizar-tres-calles-por-20-anos","status":"publish","type":"post","link":"https:\/\/www.futbolparatodos.com.ar\/noticias\/2026\/09\/04\/boca-recibio-una-aprobacion-clave-para-la-bombonera-podra-utilizar-tres-calles-por-20-anos\/","title":{"rendered":"Boca recibi\u00f3 una aprobaci\u00f3n clave para La Bombonera: podr\u00e1 utilizar tres calles por 20 a\u00f1os"},"content":{"rendered":"\n<p class=\"wp-block-paragraph\"><strong>Boca Juniors recibi\u00f3 este jueves una autorizaci\u00f3n de la Legislatura Porte\u00f1a<\/strong> que le permitir\u00e1 utilizar de manera exclusiva y gratuita, durante 20 a\u00f1os, determinados tramos de <strong>tres calles ubicadas dentro del complejo que comprende La Bombonera y el predio de Casa Amarilla<\/strong>. La medida fue aprobada luego de las correspondientes audiencias p\u00fablicas, con 53 votos afirmativos, ninguno negativo y dos abstenciones.<\/p>\n\n\n\n<p class=\"wp-block-paragraph\"><strong>Los sectores alcanzados por la resoluci\u00f3n corresponden a Wenceslao Villafa\u00f1e, entre Del Valle Iberlucea y Espora; Espora, entre Wenceslao Villafa\u00f1e y Arist\u00f3bulo del Valle; y Arist\u00f3bulo del Valle, entre Espora e Irala<\/strong>. Se trata de espacios que el club utiliza desde hace d\u00e9cadas como parte de la organizaci\u00f3n interna de sus instalaciones.<\/p>\n\n\n\n<p class=\"wp-block-paragraph\">Desde Boca explicaron que la decisi\u00f3n permite regularizar legalmente la utilizaci\u00f3n de estos terrenos y brindar un marco estable para el desarrollo de sus actividades deportivas, sociales, culturales y comunitarias. <strong>Seg\u00fan inform\u00f3 la instituci\u00f3n, esos sectores nunca hab\u00edan sido habilitados como calles abiertas al tr\u00e1nsito ni contaban con infraestructura p\u00fablica<\/strong>.<\/p>\n","protected":false},"excerpt":{"rendered":"<p>Boca Juniors recibi\u00f3 este jueves una autorizaci\u00f3n de la Legislatura Porte\u00f1a que le permitir\u00e1 utilizar de manera exclusiva y gratuita, durante 20 a\u00f1os, determinados tramos de tres calles ubicadas dentro del complejo que comprende La Bombonera y el predio de Casa Amarilla. La medida fue aprobada luego de las correspondientes audiencias p\u00fablicas, con 53 votos [&hellip;]<\/p>\n","protected":false},"author":1,"featured_media":18848,"comment_status":"closed","ping_status":"open","sticky":false,"template":"","format":"standard","meta":{"footnotes":""},"categories":[7],"tags":[87],"class_list":["post-18847","post","type-post","status-publish","format-standard","has-post-thumbnail","hentry","category-boca-juniors","tag-bombonera"],"_links":{"self":[{"href":"https:\/\/www.futbolparatodos.com.ar\/noticias\/wp-json\/wp\/v2\/posts\/18847","targetHints":{"allow":["GET"]}}],"collection":[{"href":"https:\/\/www.futbolparatodos.com.ar\/noticias\/wp-json\/wp\/v2\/posts"}],"about":[{"href":"https:\/\/www.futbolparatodos.com.ar\/noticias\/wp-json\/wp\/v2\/types\/post"}],"author":[{"embeddable":true,"href":"https:\/\/www.futbolparatodos.com.ar\/noticias\/wp-json\/wp\/v2\/users\/1"}],"replies":[{"embeddable":true,"href":"https:\/\/www.futbolparatodos.com.ar\/noticias\/wp-json\/wp\/v2\/comments?post=18847"}],"version-history":[{"count":1,"href":"https:\/\/www.futbolparatodos.com.ar\/noticias\/wp-json\/wp\/v2\/posts\/18847\/revisions"}],"predecessor-version":[{"id":18849,"href":"https:\/\/www.futbolparatodos.com.ar\/noticias\/wp-json\/wp\/v2\/posts\/18847\/revisions\/18849"}],"wp:featuredmedia":[{"embeddable":true,"href":"https:\/\/www.futbolparatodos.com.ar\/noticias\/wp-json\/wp\/v2\/media\/18848"}],"wp:attachment":[{"href":"https:\/\/www.futbolparatodos.com.ar\/noticias\/wp-json\/wp\/v2\/media?parent=18847"}],"wp:term":[{"taxonomy":"category","embeddable":true,"href":"https:\/\/www.futbolparatodos.com.ar\/noticias\/wp-json\/wp\/v2\/categories?post=18847"},{"taxonomy":"post_tag","embeddable":true,"href":"https:\/\/www.futbolparatodos.com.ar\/noticias\/wp-json\/wp\/v2\/tags?post=18847"}],"curies":[{"name":"wp","href":"https:\/\/api.w.org\/{rel}","templated":true}]}}