{"id":18850,"date":"2026-09-04T18:05:14","date_gmt":"2026-09-04T16:05:14","guid":{"rendered":"https:\/\/www.futbolparatodos.com.ar\/noticias\/?p=18850"},"modified":"2026-09-04T18:06:11","modified_gmt":"2026-09-04T16:06:11","slug":"colapinto-termino-11-en-la-fp2-del-gp-de-italia-y-volvio-a-superar-a-gasly","status":"publish","type":"post","link":"https:\/\/www.futbolparatodos.com.ar\/noticias\/2026\/09\/04\/colapinto-termino-11-en-la-fp2-del-gp-de-italia-y-volvio-a-superar-a-gasly\/","title":{"rendered":"Colapinto termin\u00f3 11\u00b0 en la FP2 del GP de Italia y volvi\u00f3 a superar a Gasly"},"content":{"rendered":"\n<p class=\"wp-block-paragraph\"><strong>Franco Colapinto cerr\u00f3 la segunda Pr\u00e1ctica Libre del Gran Premio de Italia 2026 con un rendimiento positivo en el circuito de Monza<\/strong>. El piloto argentino de Alpine <strong>finaliz\u00f3 en la und\u00e9cima posici\u00f3n, muy cerca de meterse nuevamente entre los diez mejores<\/strong>, y qued\u00f3 por delante de su compa\u00f1ero de equipo, Pierre Gasly, quien termin\u00f3 decimocuarto. El resultado representa otro indicio alentador para el conjunto de Enstone, que afronta este fin de semana con las nuevas actualizaciones incorporadas a su monoplaza.<\/p>\n\n\n\n<p class=\"wp-block-paragraph\">Despu\u00e9s de haber concluido noveno en la primera sesi\u00f3n del viernes, <strong>Colapinto volvi\u00f3 a mostrarse competitivo durante la FP2 y pudo mantener un ritmo que le permiti\u00f3 ubicarse en la parte alta de la clasificaci\u00f3n<\/strong>. El argentino registr\u00f3 su mejor vuelta con neum\u00e1ticos blandos y qued\u00f3 apenas fuera del Top 10, mientras que <strong>Gasly no consigui\u00f3 alcanzar su ritmo y termin\u00f3 tres puestos por detr\u00e1s<\/strong>. De esta manera, el piloto de 23 a\u00f1os cerr\u00f3 una jornada en la que logr\u00f3 imponerse en ambas sesiones a su compa\u00f1ero.<\/p>\n\n\n\n<p class=\"wp-block-paragraph\"><strong>La segunda pr\u00e1ctica tuvo a George Russell como el m\u00e1s r\u00e1pido, seguido por Charles Leclerc y Kimi Antonelli<\/strong>, en una clasificaci\u00f3n que volvi\u00f3 a mostrar una marcada pelea entre Mercedes, Ferrari y McLaren. Detr\u00e1s quedaron Lando Norris, Lewis Hamilton y Oscar Piastri, mientras que Arvid Lindblad, Oliver Bearman, Max Verstappen y Yuki Tsunoda completaron los diez primeros lugares. Colapinto, en tanto, termin\u00f3 und\u00e9cimo, por delante de Liam Lawson y con una diferencia que le permiti\u00f3 superar a varios nombres importantes de la parrilla.<\/p>\n\n\n\n<p class=\"wp-block-paragraph\">Con el primer d\u00eda de actividad terminado, Alpine tendr\u00e1 ahora la oportunidad de analizar los datos recopilados en Monza para realizar los \u00faltimos ajustes antes de la clasificaci\u00f3n. <strong>La actividad continuar\u00e1 este s\u00e1bado 5 de septiembre con la tercera Pr\u00e1ctica Libre desde las 7:00 y la clasificaci\u00f3n a partir de las 11:00, mientras que la carrera del Gran Premio de Italia se disputar\u00e1 el domingo 6 desde las 10:00<\/strong>, siempre en horario argentino.<\/p>\n","protected":false},"excerpt":{"rendered":"<p>Franco Colapinto cerr\u00f3 la segunda Pr\u00e1ctica Libre del Gran Premio de Italia 2026 con un rendimiento positivo en el circuito de Monza. El piloto argentino de Alpine finaliz\u00f3 en la und\u00e9cima posici\u00f3n, muy cerca de meterse nuevamente entre los diez mejores, y qued\u00f3 por delante de su compa\u00f1ero de equipo, Pierre Gasly, quien termin\u00f3 decimocuarto. [&hellip;]<\/p>\n","protected":false},"author":1,"featured_media":8263,"comment_status":"closed","ping_status":"open","sticky":false,"template":"","format":"standard","meta":{"footnotes":""},"categories":[350],"tags":[367,351],"class_list":["post-18850","post","type-post","status-publish","format-standard","has-post-thumbnail","hentry","category-formula-1","tag-alpine","tag-franco-colapinto"],"_links":{"self":[{"href":"https:\/\/www.futbolparatodos.com.ar\/noticias\/wp-json\/wp\/v2\/posts\/18850","targetHints":{"allow":["GET"]}}],"collection":[{"href":"https:\/\/www.futbolparatodos.com.ar\/noticias\/wp-json\/wp\/v2\/posts"}],"about":[{"href":"https:\/\/www.futbolparatodos.com.ar\/noticias\/wp-json\/wp\/v2\/types\/post"}],"author":[{"embeddable":true,"href":"https:\/\/www.futbolparatodos.com.ar\/noticias\/wp-json\/wp\/v2\/users\/1"}],"replies":[{"embeddable":true,"href":"https:\/\/www.futbolparatodos.com.ar\/noticias\/wp-json\/wp\/v2\/comments?post=18850"}],"version-history":[{"count":1,"href":"https:\/\/www.futbolparatodos.com.ar\/noticias\/wp-json\/wp\/v2\/posts\/18850\/revisions"}],"predecessor-version":[{"id":18851,"href":"https:\/\/www.futbolparatodos.com.ar\/noticias\/wp-json\/wp\/v2\/posts\/18850\/revisions\/18851"}],"wp:featuredmedia":[{"embeddable":true,"href":"https:\/\/www.futbolparatodos.com.ar\/noticias\/wp-json\/wp\/v2\/media\/8263"}],"wp:attachment":[{"href":"https:\/\/www.futbolparatodos.com.ar\/noticias\/wp-json\/wp\/v2\/media?parent=18850"}],"wp:term":[{"taxonomy":"category","embeddable":true,"href":"https:\/\/www.futbolparatodos.com.ar\/noticias\/wp-json\/wp\/v2\/categories?post=18850"},{"taxonomy":"post_tag","embeddable":true,"href":"https:\/\/www.futbolparatodos.com.ar\/noticias\/wp-json\/wp\/v2\/tags?post=18850"}],"curies":[{"name":"wp","href":"https:\/\/api.w.org\/{rel}","templated":true}]}}