{"id":18857,"date":"2026-09-04T19:33:19","date_gmt":"2026-09-04T17:33:19","guid":{"rendered":"https:\/\/www.futbolparatodos.com.ar\/noticias\/?p=18857"},"modified":"2026-09-04T19:33:20","modified_gmt":"2026-09-04T17:33:20","slug":"crespo-hablo-sobre-los-rumores-que-lo-vinculan-con-river","status":"publish","type":"post","link":"https:\/\/www.futbolparatodos.com.ar\/noticias\/2026\/09\/04\/crespo-hablo-sobre-los-rumores-que-lo-vinculan-con-river\/","title":{"rendered":"Crespo habl\u00f3 sobre los rumores que lo vinculan con River"},"content":{"rendered":"\n<p class=\"wp-block-paragraph\"><strong>Hern\u00e1n Crespo apareci\u00f3 nuevamente entre los nombres que River analiza como posibles entrenadores para 2027<\/strong>, luego de <a href=\"https:\/\/www.futbolparatodos.com.ar\/noticias\/2026\/08\/27\/se-termino-el-ciclo-eduardo-coudet-dejara-de-ser-el-dt-de-river\/\">la salida de Eduardo Coudet<\/a> y el inicio del interinato encabezado por Leonardo Ponzio. Sin embargo, <strong>el actual t\u00e9cnico de Atlas busc\u00f3 bajar el tono de las versiones y dej\u00f3 claro que su presente est\u00e1 enfocado en el club mexicano. \u201cRiver es mi casa, pero es un rumor, no pas\u00f3 absolutamente nada\u201d<\/strong>, afirm\u00f3 al ser consultado por la posibilidad de regresar al Millonario.<\/p>\n\n\n\n<p class=\"wp-block-paragraph\">El entrenador de 51 a\u00f1os asumi\u00f3 en Atlas hace menos de dos meses y actualmente trabaja en un proyecto que tambi\u00e9n involucra al Grupo Prodi, propietario de la instituci\u00f3n. En ese contexto, <strong>Crespo remarc\u00f3 que su futuro no depende exclusivamente de una decisi\u00f3n personal y sostuvo: \u201cMi elecci\u00f3n est\u00e1 hecha y la del grupo Prodi tambi\u00e9n\u201d<\/strong>. Adem\u00e1s, se\u00f1al\u00f3 que el grupo econ\u00f3mico no tiene intenci\u00f3n de que abandone el cargo, por lo que cualquier eventual negociaci\u00f3n deber\u00eda realizarse directamente con sus autoridades.<\/p>\n\n\n\n<p class=\"wp-block-paragraph\">El v\u00ednculo entre Crespo y River tiene una historia especial, tanto por su etapa como futbolista como por su relaci\u00f3n con el Monumental. El exdelantero fue una de las grandes figuras de la conquista de la Copa Libertadores 1996 y posteriormente tuvo la oportunidad de regresar al estadio como entrenador de Defensa y Justicia, momento en el que recibi\u00f3 una c\u00e1lida ovaci\u00f3n de los hinchas. <strong>Su identificaci\u00f3n con el club hace que su nombre vuelva a aparecer cada vez que River debe definir un nuevo ciclo<\/strong>.<\/p>\n\n\n\n<p class=\"wp-block-paragraph\">De todos modos, Crespo fue contundente al pedir que las versiones no interfieran con su trabajo en M\u00e9xico. <strong>\u201cYo no voy a forzar absolutamente nunca nada, nunca nada\u201d, expres\u00f3, antes de insistir: \u201cque no nos distraigan los rumores\u201d<\/strong>. El entrenador tampoco cerr\u00f3 definitivamente la puerta a un eventual regreso en el futuro, pero dej\u00f3 claro que, <strong>si aparece una propuesta concreta de River, la situaci\u00f3n deber\u00e1 ser conversada con el Grupo Prodi y no directamente con \u00e9l<\/strong>.<\/p>\n","protected":false},"excerpt":{"rendered":"<p>Hern\u00e1n Crespo apareci\u00f3 nuevamente entre los nombres que River analiza como posibles entrenadores para 2027, luego de la salida de Eduardo Coudet y el inicio del interinato encabezado por Leonardo Ponzio. Sin embargo, el actual t\u00e9cnico de Atlas busc\u00f3 bajar el tono de las versiones y dej\u00f3 claro que su presente est\u00e1 enfocado en el [&hellip;]<\/p>\n","protected":false},"author":1,"featured_media":18661,"comment_status":"closed","ping_status":"open","sticky":false,"template":"","format":"standard","meta":{"footnotes":""},"categories":[13],"tags":[355],"class_list":["post-18857","post","type-post","status-publish","format-standard","has-post-thumbnail","hentry","category-river-plate","tag-hernan-crespo"],"_links":{"self":[{"href":"https:\/\/www.futbolparatodos.com.ar\/noticias\/wp-json\/wp\/v2\/posts\/18857","targetHints":{"allow":["GET"]}}],"collection":[{"href":"https:\/\/www.futbolparatodos.com.ar\/noticias\/wp-json\/wp\/v2\/posts"}],"about":[{"href":"https:\/\/www.futbolparatodos.com.ar\/noticias\/wp-json\/wp\/v2\/types\/post"}],"author":[{"embeddable":true,"href":"https:\/\/www.futbolparatodos.com.ar\/noticias\/wp-json\/wp\/v2\/users\/1"}],"replies":[{"embeddable":true,"href":"https:\/\/www.futbolparatodos.com.ar\/noticias\/wp-json\/wp\/v2\/comments?post=18857"}],"version-history":[{"count":1,"href":"https:\/\/www.futbolparatodos.com.ar\/noticias\/wp-json\/wp\/v2\/posts\/18857\/revisions"}],"predecessor-version":[{"id":18858,"href":"https:\/\/www.futbolparatodos.com.ar\/noticias\/wp-json\/wp\/v2\/posts\/18857\/revisions\/18858"}],"wp:featuredmedia":[{"embeddable":true,"href":"https:\/\/www.futbolparatodos.com.ar\/noticias\/wp-json\/wp\/v2\/media\/18661"}],"wp:attachment":[{"href":"https:\/\/www.futbolparatodos.com.ar\/noticias\/wp-json\/wp\/v2\/media?parent=18857"}],"wp:term":[{"taxonomy":"category","embeddable":true,"href":"https:\/\/www.futbolparatodos.com.ar\/noticias\/wp-json\/wp\/v2\/categories?post=18857"},{"taxonomy":"post_tag","embeddable":true,"href":"https:\/\/www.futbolparatodos.com.ar\/noticias\/wp-json\/wp\/v2\/tags?post=18857"}],"curies":[{"name":"wp","href":"https:\/\/api.w.org\/{rel}","templated":true}]}}