{"id":18859,"date":"2026-09-04T20:23:50","date_gmt":"2026-09-04T18:23:50","guid":{"rendered":"https:\/\/www.futbolparatodos.com.ar\/noticias\/?p=18859"},"modified":"2026-09-04T20:23:51","modified_gmt":"2026-09-04T18:23:51","slug":"marcelo-gallardo-acordo-ser-el-nuevo-entrenador-de-ecuador","status":"publish","type":"post","link":"https:\/\/www.futbolparatodos.com.ar\/noticias\/2026\/09\/04\/marcelo-gallardo-acordo-ser-el-nuevo-entrenador-de-ecuador\/","title":{"rendered":"Marcelo Gallardo acord\u00f3 ser el nuevo entrenador de Ecuador"},"content":{"rendered":"\n<p class=\"wp-block-paragraph\"><strong>Marcelo Gallardo lleg\u00f3 a un acuerdo para convertirse en el nuevo entrenador de la Selecci\u00f3n de Ecuador y ocupar el lugar que dej\u00f3 Sebasti\u00e1n Beccacece<\/strong>. El Mu\u00f1eco tiene todo encaminado con la Federaci\u00f3n Ecuatoriana de F\u00fatbol y, seg\u00fan lo informado, solamente resta la firma del contrato para oficializar su llegada.<\/p>\n\n\n\n<p class=\"wp-block-paragraph\">La Tricolor volvi\u00f3 a confiar en un entrenador argentino para iniciar un nuevo proceso con la mirada puesta en el Mundial de 2030. <strong>Beccacece estuvo al frente durante la Copa del Mundo de 2026, donde Ecuador consigui\u00f3 una importante victoria ante Alemania<\/strong>, aunque posteriormente qued\u00f3 eliminado frente a M\u00e9xico en los 16avos de final.<\/p>\n\n\n\n<p class=\"wp-block-paragraph\">Para Gallardo ser\u00e1 un desaf\u00edo completamente diferente, ya que <strong>se tratar\u00e1 de su primera experiencia como entrenador de una selecci\u00f3n nacional<\/strong>. El Mu\u00f1eco construy\u00f3 gran parte de su prestigio durante su extenso ciclo en River, donde se convirti\u00f3 en el t\u00e9cnico m\u00e1s ganador de la historia del club al conquistar 14 t\u00edtulos, entre ellos dos Copas Libertadores.<\/p>\n\n\n\n<p class=\"wp-block-paragraph\">El nuevo desaf\u00edo llegar\u00e1 despu\u00e9s de su segunda etapa en River, que comenz\u00f3 en agosto de 2024 y termin\u00f3 en febrero de 2026 sin t\u00edtulos. Antes hab\u00eda dirigido al Al-Ittihad de Arabia Saudita tras finalizar su primer ciclo en N\u00fa\u00f1ez. Ahora, <strong>con el acuerdo alcanzado con Ecuador, Gallardo tendr\u00e1 la misi\u00f3n de comenzar un nuevo proyecto y preparar a la Tricolor para el camino hacia el Mundial 2030<\/strong>.<\/p>\n","protected":false},"excerpt":{"rendered":"<p>Marcelo Gallardo lleg\u00f3 a un acuerdo para convertirse en el nuevo entrenador de la Selecci\u00f3n de Ecuador y ocupar el lugar que dej\u00f3 Sebasti\u00e1n Beccacece. El Mu\u00f1eco tiene todo encaminado con la Federaci\u00f3n Ecuatoriana de F\u00fatbol y, seg\u00fan lo informado, solamente resta la firma del contrato para oficializar su llegada. La Tricolor volvi\u00f3 a confiar [&hellip;]<\/p>\n","protected":false},"author":1,"featured_media":6865,"comment_status":"closed","ping_status":"open","sticky":false,"template":"","format":"standard","meta":{"footnotes":""},"categories":[13],"tags":[296],"class_list":["post-18859","post","type-post","status-publish","format-standard","has-post-thumbnail","hentry","category-river-plate","tag-marcelo-gallardo"],"_links":{"self":[{"href":"https:\/\/www.futbolparatodos.com.ar\/noticias\/wp-json\/wp\/v2\/posts\/18859","targetHints":{"allow":["GET"]}}],"collection":[{"href":"https:\/\/www.futbolparatodos.com.ar\/noticias\/wp-json\/wp\/v2\/posts"}],"about":[{"href":"https:\/\/www.futbolparatodos.com.ar\/noticias\/wp-json\/wp\/v2\/types\/post"}],"author":[{"embeddable":true,"href":"https:\/\/www.futbolparatodos.com.ar\/noticias\/wp-json\/wp\/v2\/users\/1"}],"replies":[{"embeddable":true,"href":"https:\/\/www.futbolparatodos.com.ar\/noticias\/wp-json\/wp\/v2\/comments?post=18859"}],"version-history":[{"count":1,"href":"https:\/\/www.futbolparatodos.com.ar\/noticias\/wp-json\/wp\/v2\/posts\/18859\/revisions"}],"predecessor-version":[{"id":18860,"href":"https:\/\/www.futbolparatodos.com.ar\/noticias\/wp-json\/wp\/v2\/posts\/18859\/revisions\/18860"}],"wp:featuredmedia":[{"embeddable":true,"href":"https:\/\/www.futbolparatodos.com.ar\/noticias\/wp-json\/wp\/v2\/media\/6865"}],"wp:attachment":[{"href":"https:\/\/www.futbolparatodos.com.ar\/noticias\/wp-json\/wp\/v2\/media?parent=18859"}],"wp:term":[{"taxonomy":"category","embeddable":true,"href":"https:\/\/www.futbolparatodos.com.ar\/noticias\/wp-json\/wp\/v2\/categories?post=18859"},{"taxonomy":"post_tag","embeddable":true,"href":"https:\/\/www.futbolparatodos.com.ar\/noticias\/wp-json\/wp\/v2\/tags?post=18859"}],"curies":[{"name":"wp","href":"https:\/\/api.w.org\/{rel}","templated":true}]}}