{"id":18861,"date":"2026-09-04T22:05:34","date_gmt":"2026-09-04T20:05:34","guid":{"rendered":"https:\/\/www.futbolparatodos.com.ar\/noticias\/?p=18861"},"modified":"2026-09-04T22:05:34","modified_gmt":"2026-09-04T20:05:34","slug":"river-todavia-no-les-encuentra-club-quienes-son-los-dos-futbolistas-que-siguen-apartados","status":"publish","type":"post","link":"https:\/\/www.futbolparatodos.com.ar\/noticias\/2026\/09\/04\/river-todavia-no-les-encuentra-club-quienes-son-los-dos-futbolistas-que-siguen-apartados\/","title":{"rendered":"River todav\u00eda no les encuentra club: qui\u00e9nes son los dos futbolistas que siguen apartados"},"content":{"rendered":"\n<p class=\"wp-block-paragraph\"><strong>River realiz\u00f3 una profunda depuraci\u00f3n de su plantel durante el \u00faltimo <a href=\"https:\/\/www.futbolparatodos.com.ar\/noticias\/tag\/mercado-de-pases\/\">mercado de pases<\/a><\/strong> y decidi\u00f3 que varios futbolistas dejaran de formar parte de la din\u00e1mica del primer equipo. Mientras Eduardo Coudet preparaba la pretemporada en Espa\u00f1a, <strong>un grupo de jugadores fue enviado al predio de Cantilo para continuar con los entrenamientos a la espera de resolver su futuro<\/strong>.<\/p>\n\n\n\n<p class=\"wp-block-paragraph\">Con el paso de las semanas, <strong>la mayor\u00eda de los apartados logr\u00f3 encontrar una nueva alternativa. Algunos rescindieron sus contratos y continuaron sus carreras en otros clubes, mientras que otros fueron transferidos a pr\u00e9stamo<\/strong>, en varios casos con opciones u obligaciones de compra. <strong>Sin embargo, Mat\u00edas Vi\u00f1a y Fabricio Bustos son los dos futbolistas que todav\u00eda permanecen en River y se entrenan en Cantilo<\/strong>.<\/p>\n\n\n\n<p class=\"wp-block-paragraph\"><strong>En el caso de Bustos, su salida no logr\u00f3 avanzar pese a que Independiente realiz\u00f3 un sondeo durante los primeros d\u00edas del mercado<\/strong>. Aquella posibilidad finalmente no prosper\u00f3 y, posteriormente, el lateral no recibi\u00f3 nuevas propuestas concretas que permitieran destrabar su situaci\u00f3n. Por el momento, contin\u00faa vinculado al Millonario mientras espera una alternativa para definir su futuro.<\/p>\n\n\n\n<p class=\"wp-block-paragraph\"><strong>La situaci\u00f3n de Vi\u00f1a es diferente porque su pase pertenece a Flamengo<\/strong>. El defensor uruguayo fue buscado por Getafe, aunque esa posibilidad no se concret\u00f3. <strong>River tampoco contempla que permanezca dentro del plantel principal y, si aparece un club dispuesto a incorporarlo a pr\u00e9stamo, el jugador dejar\u00e1 la instituci\u00f3n<\/strong>. As\u00ed, ambos siguen en Cantilo mientras la dirigencia intenta encontrarles una salida definitiva.<\/p>\n","protected":false},"excerpt":{"rendered":"<p>River realiz\u00f3 una profunda depuraci\u00f3n de su plantel durante el \u00faltimo mercado de pases y decidi\u00f3 que varios futbolistas dejaran de formar parte de la din\u00e1mica del primer equipo. Mientras Eduardo Coudet preparaba la pretemporada en Espa\u00f1a, un grupo de jugadores fue enviado al predio de Cantilo para continuar con los entrenamientos a la espera [&hellip;]<\/p>\n","protected":false},"author":1,"featured_media":18862,"comment_status":"closed","ping_status":"open","sticky":false,"template":"","format":"standard","meta":{"footnotes":""},"categories":[13],"tags":[300,651],"class_list":["post-18861","post","type-post","status-publish","format-standard","has-post-thumbnail","hentry","category-river-plate","tag-fabricio-bustos","tag-matias-vina"],"_links":{"self":[{"href":"https:\/\/www.futbolparatodos.com.ar\/noticias\/wp-json\/wp\/v2\/posts\/18861","targetHints":{"allow":["GET"]}}],"collection":[{"href":"https:\/\/www.futbolparatodos.com.ar\/noticias\/wp-json\/wp\/v2\/posts"}],"about":[{"href":"https:\/\/www.futbolparatodos.com.ar\/noticias\/wp-json\/wp\/v2\/types\/post"}],"author":[{"embeddable":true,"href":"https:\/\/www.futbolparatodos.com.ar\/noticias\/wp-json\/wp\/v2\/users\/1"}],"replies":[{"embeddable":true,"href":"https:\/\/www.futbolparatodos.com.ar\/noticias\/wp-json\/wp\/v2\/comments?post=18861"}],"version-history":[{"count":1,"href":"https:\/\/www.futbolparatodos.com.ar\/noticias\/wp-json\/wp\/v2\/posts\/18861\/revisions"}],"predecessor-version":[{"id":18863,"href":"https:\/\/www.futbolparatodos.com.ar\/noticias\/wp-json\/wp\/v2\/posts\/18861\/revisions\/18863"}],"wp:featuredmedia":[{"embeddable":true,"href":"https:\/\/www.futbolparatodos.com.ar\/noticias\/wp-json\/wp\/v2\/media\/18862"}],"wp:attachment":[{"href":"https:\/\/www.futbolparatodos.com.ar\/noticias\/wp-json\/wp\/v2\/media?parent=18861"}],"wp:term":[{"taxonomy":"category","embeddable":true,"href":"https:\/\/www.futbolparatodos.com.ar\/noticias\/wp-json\/wp\/v2\/categories?post=18861"},{"taxonomy":"post_tag","embeddable":true,"href":"https:\/\/www.futbolparatodos.com.ar\/noticias\/wp-json\/wp\/v2\/tags?post=18861"}],"curies":[{"name":"wp","href":"https:\/\/api.w.org\/{rel}","templated":true}]}}