{"id":18864,"date":"2026-09-04T23:30:34","date_gmt":"2026-09-04T21:30:34","guid":{"rendered":"https:\/\/www.futbolparatodos.com.ar\/noticias\/?p=18864"},"modified":"2026-09-04T23:30:35","modified_gmt":"2026-09-04T21:30:35","slug":"la-seleccion-argentina-ya-tiene-fecha-para-conocer-sus-proximos-amistosos","status":"publish","type":"post","link":"https:\/\/www.futbolparatodos.com.ar\/noticias\/2026\/09\/04\/la-seleccion-argentina-ya-tiene-fecha-para-conocer-sus-proximos-amistosos\/","title":{"rendered":"La Selecci\u00f3n Argentina ya tiene fecha para conocer sus pr\u00f3ximos amistosos"},"content":{"rendered":"\n<p class=\"wp-block-paragraph\">La Selecci\u00f3n Argentina se prepara para afrontar su primera fecha FIFA despu\u00e9s del Mundial 2026. <strong>La AFA anunci\u00f3 que este lunes dar\u00e1 a conocer los rivales, las sedes y las fechas de los encuentros que disputar\u00e1 entre septiembre y octubre<\/strong>.<\/p>\n\n\n\n<p class=\"wp-block-paragraph\">La particularidad estar\u00e1 en el reencuentro con los hinchas argentinos, ya que <strong>la intenci\u00f3n es que los tres partidos se jueguen en el pa\u00eds. Buenos Aires, Rosario y otra sede a definir entre C\u00f3rdoba y Santiago del Estero aparecen como las ciudades elegidas<\/strong>.<\/p>\n\n\n\n<p class=\"wp-block-paragraph\">Adem\u00e1s, ser\u00e1 una etapa especial para el seleccionado porque Lionel Messi anunci\u00f3 su retiro de la Albiceleste. <strong><a href=\"https:\/\/www.futbolparatodos.com.ar\/noticias\/2026\/09\/03\/el-plan-de-afa-con-messi-para-su-posible-ultima-aparicion-con-la-seleccion-argentina\/\">Desde AFA buscar\u00e1n que el capit\u00e1n pueda estar presente en el primer encuentro<\/a> en territorio argentino, ya sea dentro del campo de juego o como espectador<\/strong>.<\/p>\n\n\n\n<p class=\"wp-block-paragraph\">Otro interrogante estar\u00e1 puesto en Lionel Scaloni. <strong>El entrenador tiene contrato hasta diciembre de 2026 y puso en duda su continuidad despu\u00e9s de ese momento<\/strong>, aunque Claudio Tapia asegur\u00f3 que su prioridad absoluta sigue siendo mantenerlo al frente del equipo.<\/p>\n","protected":false},"excerpt":{"rendered":"<p>La Selecci\u00f3n Argentina se prepara para afrontar su primera fecha FIFA despu\u00e9s del Mundial 2026. La AFA anunci\u00f3 que este lunes dar\u00e1 a conocer los rivales, las sedes y las fechas de los encuentros que disputar\u00e1 entre septiembre y octubre. La particularidad estar\u00e1 en el reencuentro con los hinchas argentinos, ya que la intenci\u00f3n es [&hellip;]<\/p>\n","protected":false},"author":1,"featured_media":17860,"comment_status":"closed","ping_status":"open","sticky":false,"template":"","format":"standard","meta":{"footnotes":""},"categories":[5],"tags":[109,118,235,236],"class_list":["post-18864","post","type-post","status-publish","format-standard","has-post-thumbnail","hentry","category-seleccion-argentina","tag-afa","tag-fifa","tag-lionel-messi","tag-lionel-scaloni"],"_links":{"self":[{"href":"https:\/\/www.futbolparatodos.com.ar\/noticias\/wp-json\/wp\/v2\/posts\/18864","targetHints":{"allow":["GET"]}}],"collection":[{"href":"https:\/\/www.futbolparatodos.com.ar\/noticias\/wp-json\/wp\/v2\/posts"}],"about":[{"href":"https:\/\/www.futbolparatodos.com.ar\/noticias\/wp-json\/wp\/v2\/types\/post"}],"author":[{"embeddable":true,"href":"https:\/\/www.futbolparatodos.com.ar\/noticias\/wp-json\/wp\/v2\/users\/1"}],"replies":[{"embeddable":true,"href":"https:\/\/www.futbolparatodos.com.ar\/noticias\/wp-json\/wp\/v2\/comments?post=18864"}],"version-history":[{"count":1,"href":"https:\/\/www.futbolparatodos.com.ar\/noticias\/wp-json\/wp\/v2\/posts\/18864\/revisions"}],"predecessor-version":[{"id":18865,"href":"https:\/\/www.futbolparatodos.com.ar\/noticias\/wp-json\/wp\/v2\/posts\/18864\/revisions\/18865"}],"wp:featuredmedia":[{"embeddable":true,"href":"https:\/\/www.futbolparatodos.com.ar\/noticias\/wp-json\/wp\/v2\/media\/17860"}],"wp:attachment":[{"href":"https:\/\/www.futbolparatodos.com.ar\/noticias\/wp-json\/wp\/v2\/media?parent=18864"}],"wp:term":[{"taxonomy":"category","embeddable":true,"href":"https:\/\/www.futbolparatodos.com.ar\/noticias\/wp-json\/wp\/v2\/categories?post=18864"},{"taxonomy":"post_tag","embeddable":true,"href":"https:\/\/www.futbolparatodos.com.ar\/noticias\/wp-json\/wp\/v2\/tags?post=18864"}],"curies":[{"name":"wp","href":"https:\/\/api.w.org\/{rel}","templated":true}]}}