{"id":18866,"date":"2026-09-05T04:08:02","date_gmt":"2026-09-05T02:08:02","guid":{"rendered":"https:\/\/www.futbolparatodos.com.ar\/noticias\/?p=18866"},"modified":"2026-09-05T04:08:32","modified_gmt":"2026-09-05T02:08:32","slug":"carlos-tevez-tendra-su-partido-de-despedida-en-la-bombonera","status":"publish","type":"post","link":"https:\/\/www.futbolparatodos.com.ar\/noticias\/2026\/09\/05\/carlos-tevez-tendra-su-partido-de-despedida-en-la-bombonera\/","title":{"rendered":"Carlos Tevez tendr\u00e1 su partido de despedida en La Bombonera"},"content":{"rendered":"\n<p class=\"wp-block-paragraph\"><strong>Carlos Tevez tendr\u00e1 finalmente su esperado partido de despedida en La Bombonera durante diciembre<\/strong>. El Apache se contact\u00f3 con Juan Rom\u00e1n Riquelme, actual presidente de Boca y excompa\u00f1ero suyo, para coordinar la realizaci\u00f3n del evento, y recibi\u00f3 el visto bueno para utilizar el estadio Alberto J. Armando. <strong>Si bien todav\u00eda no existe una fecha oficial, las alternativas que se manejan son los fines de semana del 12 y 13, o del 19 y 20 de diciembre<\/strong>.<\/p>\n\n\n\n<p class=\"wp-block-paragraph\">La elecci\u00f3n de La Bombonera tiene un significado especial para Tevez, quien construy\u00f3 all\u00ed una parte fundamental de su historia con la camiseta azul y oro. <strong>El exdelantero tuvo dos etapas en Boca y disput\u00f3 279 partidos, en los que convirti\u00f3 94 goles y consigui\u00f3 11 t\u00edtulos<\/strong>. Su retiro se produjo en junio de 2022, justamente mientras defend\u00eda los colores del Xeneize, por lo que ahora tendr\u00e1 la posibilidad de cerrar definitivamente su carrera frente a los hinchas que lo acompa\u00f1aron durante gran parte de su trayectoria.<\/p>\n\n\n\n<p class=\"wp-block-paragraph\">Uno de los puntos que todav\u00eda debe resolverse es la jornada definitiva del homenaje, ya que el primer fin de semana considerado coincide con la definici\u00f3n del Clausura y el Trofeo de Campeones, ambos previstos en C\u00f3rdoba. La posible participaci\u00f3n de Boca en esas instancias podr\u00eda obligar a modificar los planes. En cuanto al formato del encuentro, <strong>Tevez pretende reunir a numerosos futbolistas y amigos que fueron importantes a lo largo de su carrera, mientras que el equipo rival estar\u00eda integrado por jugadores que compartieron vestuario con \u00e9l en diferentes clubes<\/strong>.<\/p>\n\n\n\n<p class=\"wp-block-paragraph\">Por la extensa trayectoria internacional del Apache, que incluy\u00f3 pasos por Juventus, Manchester City, Manchester United, Corinthians y la Selecci\u00f3n Argentina, entre otros equipos, se espera una convocatoria con numerosas figuras. <strong>La idea ser\u00eda reunir alrededor de 60 invitados, entre los que aparece Lionel Messi como uno de los nombres destacados y tambi\u00e9n existe la posibilidad de que Cristiano Ronaldo sea invitado, debido a que ambos coincidieron en Manchester United<\/strong>. La \u00faltima presencia de Tevez en La Bombonera fue en noviembre del a\u00f1o pasado, cuando dirig\u00eda a Talleres y visit\u00f3 al Xeneize por el Clausura.<\/p>\n","protected":false},"excerpt":{"rendered":"<p>Carlos Tevez tendr\u00e1 finalmente su esperado partido de despedida en La Bombonera durante diciembre. El Apache se contact\u00f3 con Juan Rom\u00e1n Riquelme, actual presidente de Boca y excompa\u00f1ero suyo, para coordinar la realizaci\u00f3n del evento, y recibi\u00f3 el visto bueno para utilizar el estadio Alberto J. Armando. Si bien todav\u00eda no existe una fecha oficial, [&hellip;]<\/p>\n","protected":false},"author":1,"featured_media":3629,"comment_status":"closed","ping_status":"open","sticky":false,"template":"","format":"standard","meta":{"footnotes":""},"categories":[7],"tags":[83,153,292,235],"class_list":["post-18866","post","type-post","status-publish","format-standard","has-post-thumbnail","hentry","category-boca-juniors","tag-carlos-tevez","tag-cristiano-ronaldo","tag-juan-roman-riquelme","tag-lionel-messi"],"_links":{"self":[{"href":"https:\/\/www.futbolparatodos.com.ar\/noticias\/wp-json\/wp\/v2\/posts\/18866","targetHints":{"allow":["GET"]}}],"collection":[{"href":"https:\/\/www.futbolparatodos.com.ar\/noticias\/wp-json\/wp\/v2\/posts"}],"about":[{"href":"https:\/\/www.futbolparatodos.com.ar\/noticias\/wp-json\/wp\/v2\/types\/post"}],"author":[{"embeddable":true,"href":"https:\/\/www.futbolparatodos.com.ar\/noticias\/wp-json\/wp\/v2\/users\/1"}],"replies":[{"embeddable":true,"href":"https:\/\/www.futbolparatodos.com.ar\/noticias\/wp-json\/wp\/v2\/comments?post=18866"}],"version-history":[{"count":1,"href":"https:\/\/www.futbolparatodos.com.ar\/noticias\/wp-json\/wp\/v2\/posts\/18866\/revisions"}],"predecessor-version":[{"id":18867,"href":"https:\/\/www.futbolparatodos.com.ar\/noticias\/wp-json\/wp\/v2\/posts\/18866\/revisions\/18867"}],"wp:featuredmedia":[{"embeddable":true,"href":"https:\/\/www.futbolparatodos.com.ar\/noticias\/wp-json\/wp\/v2\/media\/3629"}],"wp:attachment":[{"href":"https:\/\/www.futbolparatodos.com.ar\/noticias\/wp-json\/wp\/v2\/media?parent=18866"}],"wp:term":[{"taxonomy":"category","embeddable":true,"href":"https:\/\/www.futbolparatodos.com.ar\/noticias\/wp-json\/wp\/v2\/categories?post=18866"},{"taxonomy":"post_tag","embeddable":true,"href":"https:\/\/www.futbolparatodos.com.ar\/noticias\/wp-json\/wp\/v2\/tags?post=18866"}],"curies":[{"name":"wp","href":"https:\/\/api.w.org\/{rel}","templated":true}]}}