{"id":18868,"date":"2026-09-05T06:59:08","date_gmt":"2026-09-05T04:59:08","guid":{"rendered":"https:\/\/www.futbolparatodos.com.ar\/noticias\/?p=18868"},"modified":"2026-09-05T06:59:09","modified_gmt":"2026-09-05T04:59:09","slug":"mostaza-merlo-vuelve-a-river-sera-asesor-del-futbol-formativo","status":"publish","type":"post","link":"https:\/\/www.futbolparatodos.com.ar\/noticias\/2026\/09\/05\/mostaza-merlo-vuelve-a-river-sera-asesor-del-futbol-formativo\/","title":{"rendered":"Mostaza Merlo vuelve a River: ser\u00e1 asesor del f\u00fatbol formativo"},"content":{"rendered":"\n<p class=\"wp-block-paragraph\"><strong>Reinaldo \u201cMostaza\u201d Merlo volver\u00e1 a River despu\u00e9s de tres a\u00f1os alejado de la actividad profesional y tendr\u00e1 una nueva funci\u00f3n dentro de la instituci\u00f3n<\/strong>. El hist\u00f3rico exjugador y entrenador <strong>se incorporar\u00e1 al \u00e1rea de f\u00fatbol formativo como una figura de asesoramiento<\/strong>, aunque su tarea estar\u00e1 enfocada principalmente en la observaci\u00f3n y <strong>detecci\u00f3n de j\u00f3venes talentos para las divisiones inferiores<\/strong>.<\/p>\n\n\n\n<p class=\"wp-block-paragraph\">La llegada de Merlo se producir\u00e1 dentro de la estructura que encabeza Gabriel Rodr\u00edguez en las Inferiores del Millonario. Su rol no ser\u00e1 el de entrenador ni tampoco ocupar\u00e1 el cargo de coordinador, sino que <strong>formar\u00e1 parte del equipo encargado de seguir de cerca a los futbolistas con potencial para desarrollarse en River<\/strong>. De esta manera, aportar\u00e1 su experiencia y conocimiento del f\u00fatbol desde una funci\u00f3n vinculada al scouting de nuevos jugadores.<\/p>\n\n\n\n<p class=\"wp-block-paragraph\">El regreso tendr\u00e1 adem\u00e1s un fuerte componente simb\u00f3lico por la enorme historia que Mostaza construy\u00f3 con la camiseta de River. <strong>Durante 15 temporadas disput\u00f3 533 partidos, cifra que lo mantiene como el futbolista con m\u00e1s presencias en la historia del club, y consigui\u00f3 siete t\u00edtulos<\/strong>. Tambi\u00e9n tuvo dos etapas como director t\u00e9cnico: en 1989, cuando conquist\u00f3 el campeonato de Primera Divisi\u00f3n, y en 2005, mientras que en total dirigi\u00f3 47 encuentros al frente del equipo.<\/p>\n\n\n\n<p class=\"wp-block-paragraph\">Merlo hab\u00eda dejado la actividad como entrenador en mayo de 2022, luego de su paso por Defensores Unidos de Z\u00e1rate, y ahora iniciar\u00e1 una etapa diferente en la instituci\u00f3n que marc\u00f3 su carrera. D\u00edas atr\u00e1s hab\u00eda reconocido que manten\u00eda conversaciones con un club importante y finalmente se confirm\u00f3 que se trataba de River.<strong> Su incorporaci\u00f3n permitir\u00e1 sumar a las Inferiores la experiencia de una de las figuras hist\u00f3ricas del Millonario, dentro de un staff que ya cuenta con varios exfutbolistas<\/strong>.<\/p>\n","protected":false},"excerpt":{"rendered":"<p>Reinaldo \u201cMostaza\u201d Merlo volver\u00e1 a River despu\u00e9s de tres a\u00f1os alejado de la actividad profesional y tendr\u00e1 una nueva funci\u00f3n dentro de la instituci\u00f3n. El hist\u00f3rico exjugador y entrenador se incorporar\u00e1 al \u00e1rea de f\u00fatbol formativo como una figura de asesoramiento, aunque su tarea estar\u00e1 enfocada principalmente en la observaci\u00f3n y detecci\u00f3n de j\u00f3venes talentos [&hellip;]<\/p>\n","protected":false},"author":1,"featured_media":18869,"comment_status":"closed","ping_status":"open","sticky":false,"template":"","format":"standard","meta":{"footnotes":""},"categories":[13],"tags":[727],"class_list":["post-18868","post","type-post","status-publish","format-standard","has-post-thumbnail","hentry","category-river-plate","tag-mostaza-merlo"],"_links":{"self":[{"href":"https:\/\/www.futbolparatodos.com.ar\/noticias\/wp-json\/wp\/v2\/posts\/18868","targetHints":{"allow":["GET"]}}],"collection":[{"href":"https:\/\/www.futbolparatodos.com.ar\/noticias\/wp-json\/wp\/v2\/posts"}],"about":[{"href":"https:\/\/www.futbolparatodos.com.ar\/noticias\/wp-json\/wp\/v2\/types\/post"}],"author":[{"embeddable":true,"href":"https:\/\/www.futbolparatodos.com.ar\/noticias\/wp-json\/wp\/v2\/users\/1"}],"replies":[{"embeddable":true,"href":"https:\/\/www.futbolparatodos.com.ar\/noticias\/wp-json\/wp\/v2\/comments?post=18868"}],"version-history":[{"count":1,"href":"https:\/\/www.futbolparatodos.com.ar\/noticias\/wp-json\/wp\/v2\/posts\/18868\/revisions"}],"predecessor-version":[{"id":18870,"href":"https:\/\/www.futbolparatodos.com.ar\/noticias\/wp-json\/wp\/v2\/posts\/18868\/revisions\/18870"}],"wp:featuredmedia":[{"embeddable":true,"href":"https:\/\/www.futbolparatodos.com.ar\/noticias\/wp-json\/wp\/v2\/media\/18869"}],"wp:attachment":[{"href":"https:\/\/www.futbolparatodos.com.ar\/noticias\/wp-json\/wp\/v2\/media?parent=18868"}],"wp:term":[{"taxonomy":"category","embeddable":true,"href":"https:\/\/www.futbolparatodos.com.ar\/noticias\/wp-json\/wp\/v2\/categories?post=18868"},{"taxonomy":"post_tag","embeddable":true,"href":"https:\/\/www.futbolparatodos.com.ar\/noticias\/wp-json\/wp\/v2\/tags?post=18868"}],"curies":[{"name":"wp","href":"https:\/\/api.w.org\/{rel}","templated":true}]}}