{"id":18871,"date":"2026-09-05T18:27:12","date_gmt":"2026-09-05T16:27:12","guid":{"rendered":"https:\/\/www.futbolparatodos.com.ar\/noticias\/?p=18871"},"modified":"2026-09-05T18:27:12","modified_gmt":"2026-09-05T16:27:12","slug":"colapinto-brillo-en-monza-largara-septimo-y-gasly-consiguio-la-pole","status":"publish","type":"post","link":"https:\/\/www.futbolparatodos.com.ar\/noticias\/2026\/09\/05\/colapinto-brillo-en-monza-largara-septimo-y-gasly-consiguio-la-pole\/","title":{"rendered":"Colapinto brill\u00f3 en Monza: largar\u00e1 s\u00e9ptimo y Gasly consigui\u00f3 la pole"},"content":{"rendered":"\n<p class=\"wp-block-paragraph\"><strong>Franco Colapinto protagoniz\u00f3 una destacada clasificaci\u00f3n este s\u00e1bado en el Gran Premio de Italia de F\u00f3rmula 1 y consigui\u00f3 el s\u00e9ptimo lugar<\/strong> de la parrilla para la carrera en Monza. El argentino avanz\u00f3 con solidez durante las diferentes etapas de la qualy y <strong>qued\u00f3 dentro del grupo de los diez mejores, mientras que su compa\u00f1ero de Alpine, Pierre Gasly, dio la gran sorpresa al quedarse con la pole position por primera vez en la temporada<\/strong>. La competencia se disputar\u00e1 este domingo desde las 10 de la ma\u00f1ana.<\/p>\n\n\n\n<p class=\"wp-block-paragraph\"><strong>El piloto argentino comenz\u00f3 la jornada con un muy buen registro en la Q1, donde marc\u00f3 1m22s662 y termin\u00f3 cuarto<\/strong>, mostrando desde el inicio que Alpine ten\u00eda ritmo para pelear por posiciones importantes. <strong>En la Q2 volvi\u00f3 a meterse entre los diez primeros al finalizar octavo<\/strong>, asegurando su lugar en la instancia decisiva. Sin embargo, <strong>en la Q3 tuvo algunas dificultades que le impidieron pelear por los primeros puestos y termin\u00f3 inicialmente en la octava posici\u00f3<\/strong>n, aunque posteriormente avanz\u00f3 un lugar debido a la sanci\u00f3n recibida por Kimi Antonelli.<\/p>\n\n\n\n<p class=\"wp-block-paragraph\"><strong>La gran noticia para Alpine lleg\u00f3 de la mano de Gasly, quien aprovech\u00f3 su \u00faltima vuelta para establecer un tiempo de 1m21s786 y superar por apenas unas mil\u00e9simas a George Russell<\/strong>, segundo con Mercedes. Oscar Piastri complet\u00f3 el tr\u00edo de punta, seguido por Charles Leclerc, Lewis Hamilton y Max Verstappen. De esta manera, <strong>la escuder\u00eda francesa consigui\u00f3 una pole inesperada en uno de los circuitos m\u00e1s veloces del calendario<\/strong>, mientras que Colapinto qued\u00f3 a poco m\u00e1s de cuatro d\u00e9cimas de su compa\u00f1ero.<\/p>\n\n\n\n<p class=\"wp-block-paragraph\">El s\u00e9ptimo puesto representa una posici\u00f3n de partida muy favorable para Colapinto de cara a la competencia del domingo, especialmente teniendo en cuenta que Antonelli, quien hab\u00eda clasificado originalmente s\u00e9ptimo, deber\u00e1 largar desde el fondo por una penalizaci\u00f3n de 30 puestos derivada de un cambio de motor. As\u00ed, <strong>el argentino compartir\u00e1 las primeras filas con varios de los principales protagonistas del campeonato y tendr\u00e1 por delante una oportunidad importante para buscar un resultado destacado en el hist\u00f3rico trazado italiano<\/strong>.<\/p>\n","protected":false},"excerpt":{"rendered":"<p>Franco Colapinto protagoniz\u00f3 una destacada clasificaci\u00f3n este s\u00e1bado en el Gran Premio de Italia de F\u00f3rmula 1 y consigui\u00f3 el s\u00e9ptimo lugar de la parrilla para la carrera en Monza. El argentino avanz\u00f3 con solidez durante las diferentes etapas de la qualy y qued\u00f3 dentro del grupo de los diez mejores, mientras que su compa\u00f1ero [&hellip;]<\/p>\n","protected":false},"author":1,"featured_media":9929,"comment_status":"closed","ping_status":"open","sticky":false,"template":"","format":"standard","meta":{"footnotes":""},"categories":[350],"tags":[367,351],"class_list":["post-18871","post","type-post","status-publish","format-standard","has-post-thumbnail","hentry","category-formula-1","tag-alpine","tag-franco-colapinto"],"_links":{"self":[{"href":"https:\/\/www.futbolparatodos.com.ar\/noticias\/wp-json\/wp\/v2\/posts\/18871","targetHints":{"allow":["GET"]}}],"collection":[{"href":"https:\/\/www.futbolparatodos.com.ar\/noticias\/wp-json\/wp\/v2\/posts"}],"about":[{"href":"https:\/\/www.futbolparatodos.com.ar\/noticias\/wp-json\/wp\/v2\/types\/post"}],"author":[{"embeddable":true,"href":"https:\/\/www.futbolparatodos.com.ar\/noticias\/wp-json\/wp\/v2\/users\/1"}],"replies":[{"embeddable":true,"href":"https:\/\/www.futbolparatodos.com.ar\/noticias\/wp-json\/wp\/v2\/comments?post=18871"}],"version-history":[{"count":1,"href":"https:\/\/www.futbolparatodos.com.ar\/noticias\/wp-json\/wp\/v2\/posts\/18871\/revisions"}],"predecessor-version":[{"id":18872,"href":"https:\/\/www.futbolparatodos.com.ar\/noticias\/wp-json\/wp\/v2\/posts\/18871\/revisions\/18872"}],"wp:featuredmedia":[{"embeddable":true,"href":"https:\/\/www.futbolparatodos.com.ar\/noticias\/wp-json\/wp\/v2\/media\/9929"}],"wp:attachment":[{"href":"https:\/\/www.futbolparatodos.com.ar\/noticias\/wp-json\/wp\/v2\/media?parent=18871"}],"wp:term":[{"taxonomy":"category","embeddable":true,"href":"https:\/\/www.futbolparatodos.com.ar\/noticias\/wp-json\/wp\/v2\/categories?post=18871"},{"taxonomy":"post_tag","embeddable":true,"href":"https:\/\/www.futbolparatodos.com.ar\/noticias\/wp-json\/wp\/v2\/tags?post=18871"}],"curies":[{"name":"wp","href":"https:\/\/api.w.org\/{rel}","templated":true}]}}