{"id":18873,"date":"2026-09-05T08:00:00","date_gmt":"2026-09-05T06:00:00","guid":{"rendered":"https:\/\/www.futbolparatodos.com.ar\/noticias\/?p=18873"},"modified":"2026-09-06T02:03:36","modified_gmt":"2026-09-06T00:03:36","slug":"la-formacion-de-boca-vs-gimnasia-de-mendoza-arruabarrena-mete-una-rotacion-masiva","status":"publish","type":"post","link":"https:\/\/www.futbolparatodos.com.ar\/noticias\/2026\/09\/05\/la-formacion-de-boca-vs-gimnasia-de-mendoza-arruabarrena-mete-una-rotacion-masiva\/","title":{"rendered":"La formaci\u00f3n de Boca vs. Gimnasia de Mendoza: Arruabarrena mete una rotaci\u00f3n masiva"},"content":{"rendered":"\n<p class=\"wp-block-paragraph\"><strong>Boca visitar\u00e1 este s\u00e1bado a Gimnasia de Mendoza desde las 16.30, por la octava fecha del <a href=\"https:\/\/www.futbolparatodos.com.ar\/primera-division-superliga\">Torneo Clausura<\/a>, y Rodolfo Arruabarrena prepara un equipo con numerosos cambio<\/strong>s. El entrenador busca administrar las cargas despu\u00e9s del desgaste acumulado en los \u00faltimos encuentros y con el inicio de la serie de cuartos de final de la Copa Sudamericana ante San Pablo cada vez m\u00e1s cerca. El encuentro se disputar\u00e1 en el estadio V\u00edctor Legrotaglie, tendr\u00e1 a Dar\u00edo Herrera como \u00e1rbitro y ser\u00e1 televisado por ESPN Premium.<\/p>\n\n\n\n<p class=\"wp-block-paragraph\">La rotaci\u00f3n tambi\u00e9n estar\u00e1 condicionada por algunas ausencias. <strong>Leandro Paredes y Milton Delgado quedaron afuera por diferentes molestias musculares<\/strong>, mientras que el cuerpo t\u00e9cnico pretende preservar a otros futbolistas pensando en el desaf\u00edo internacional. <strong>\u00c1lvaro Montero ser\u00eda el \u00fanico que mantendr\u00eda su lugar luego de su destacada actuaci\u00f3n ante V\u00e9lez en la Copa Argentina<\/strong>. En la defensa aparecer\u00e1n Dylan Gorosito, Nicol\u00e1s Figal, Marco Pellegrino y Mat\u00edas Satas, quien tendr\u00e1 su estreno absoluto en Primera Divisi\u00f3n con la camiseta azul y oro.<\/p>\n\n\n\n<p class=\"wp-block-paragraph\">En la mitad de la cancha, Camilo Rey Domenech ocupar\u00e1 la posici\u00f3n de volante central, acompa\u00f1ado por Tom\u00e1s Belmonte y Kevin Zen\u00f3n. M\u00e1s adelante, Alan Velasco tendr\u00e1 otra oportunidad para sumar minutos y recuperar ritmo, mientras que Leonel Flores y Enner Valencia completar\u00edan el ataque. Para el delantero ecuatoriano ser\u00e1 su primera titularidad desde su llegada al club, en un equipo que <strong>buscar\u00e1 conseguir otro triunfo en el campeonato sin descuidar el objetivo principal<\/strong> que aparece en el horizonte: el cruce con San Pablo por la Copa Sudamericana.<\/p>\n\n\n\n<h2 class=\"wp-block-heading\">Probable formaci\u00f3n<\/h2>\n\n\n\n<ul class=\"wp-block-list\">\n<li>\u00c1lvaro Montero<\/li>\n\n\n\n<li>Dylan Gorosito<\/li>\n\n\n\n<li>Nicol\u00e1s Figal<\/li>\n\n\n\n<li>Marco Pellegrino<\/li>\n\n\n\n<li>Mat\u00edas Satas<\/li>\n\n\n\n<li>Tom\u00e1s Belmonte<\/li>\n\n\n\n<li>Camilo Rey Domenech<\/li>\n\n\n\n<li>Kevin Zen\u00f3n<\/li>\n\n\n\n<li>Alan Velasco<\/li>\n\n\n\n<li>Leonel Flores<\/li>\n\n\n\n<li>Enner Valencia<\/li>\n\n\n\n<li>DT: Rodolfo Arruabarrena<\/li>\n<\/ul>\n","protected":false},"excerpt":{"rendered":"<p>Boca visitar\u00e1 este s\u00e1bado a Gimnasia de Mendoza desde las 16.30, por la octava fecha del Torneo Clausura, y Rodolfo Arruabarrena prepara un equipo con numerosos cambios. El entrenador busca administrar las cargas despu\u00e9s del desgaste acumulado en los \u00faltimos encuentros y con el inicio de la serie de cuartos de final de la Copa [&hellip;]<\/p>\n","protected":false},"author":1,"featured_media":17812,"comment_status":"closed","ping_status":"open","sticky":false,"template":"","format":"standard","meta":{"footnotes":""},"categories":[7],"tags":[313,319],"class_list":["post-18873","post","type-post","status-publish","format-standard","has-post-thumbnail","hentry","category-boca-juniors","tag-formaciones","tag-rodolfo-arruabarrena"],"_links":{"self":[{"href":"https:\/\/www.futbolparatodos.com.ar\/noticias\/wp-json\/wp\/v2\/posts\/18873","targetHints":{"allow":["GET"]}}],"collection":[{"href":"https:\/\/www.futbolparatodos.com.ar\/noticias\/wp-json\/wp\/v2\/posts"}],"about":[{"href":"https:\/\/www.futbolparatodos.com.ar\/noticias\/wp-json\/wp\/v2\/types\/post"}],"author":[{"embeddable":true,"href":"https:\/\/www.futbolparatodos.com.ar\/noticias\/wp-json\/wp\/v2\/users\/1"}],"replies":[{"embeddable":true,"href":"https:\/\/www.futbolparatodos.com.ar\/noticias\/wp-json\/wp\/v2\/comments?post=18873"}],"version-history":[{"count":2,"href":"https:\/\/www.futbolparatodos.com.ar\/noticias\/wp-json\/wp\/v2\/posts\/18873\/revisions"}],"predecessor-version":[{"id":18875,"href":"https:\/\/www.futbolparatodos.com.ar\/noticias\/wp-json\/wp\/v2\/posts\/18873\/revisions\/18875"}],"wp:featuredmedia":[{"embeddable":true,"href":"https:\/\/www.futbolparatodos.com.ar\/noticias\/wp-json\/wp\/v2\/media\/17812"}],"wp:attachment":[{"href":"https:\/\/www.futbolparatodos.com.ar\/noticias\/wp-json\/wp\/v2\/media?parent=18873"}],"wp:term":[{"taxonomy":"category","embeddable":true,"href":"https:\/\/www.futbolparatodos.com.ar\/noticias\/wp-json\/wp\/v2\/categories?post=18873"},{"taxonomy":"post_tag","embeddable":true,"href":"https:\/\/www.futbolparatodos.com.ar\/noticias\/wp-json\/wp\/v2\/tags?post=18873"}],"curies":[{"name":"wp","href":"https:\/\/api.w.org\/{rel}","templated":true}]}}