{"id":18881,"date":"2026-09-06T03:09:07","date_gmt":"2026-09-06T01:09:07","guid":{"rendered":"https:\/\/www.futbolparatodos.com.ar\/noticias\/?p=18881"},"modified":"2026-09-06T03:09:07","modified_gmt":"2026-09-06T01:09:07","slug":"el-error-de-boca-ante-velez-que-dejo-a-riquelme-bajo-la-lupa","status":"publish","type":"post","link":"https:\/\/www.futbolparatodos.com.ar\/noticias\/2026\/09\/06\/el-error-de-boca-ante-velez-que-dejo-a-riquelme-bajo-la-lupa\/","title":{"rendered":"El error de Boca ante V\u00e9lez que dej\u00f3 a Riquelme bajo la lupa"},"content":{"rendered":"\n<p class=\"wp-block-paragraph\">Mientras Boca contin\u00faa sin encontrar regularidad en el torneo local, <strong>la situaci\u00f3n que se gener\u00f3 tras el partido ante V\u00e9lez por la Copa Argentina volvi\u00f3 a poner el foco sobre la dirigencia encabezada por Juan Rom\u00e1n Riquelme<\/strong>. <a href=\"https:\/\/www.futbolparatodos.com.ar\/noticias\/2026\/09\/03\/boca-elimino-a-velez-por-penales-y-se-metio-en-los-cuartos-de-final-de-la-copa-argentina\/\">El Xeneize hab\u00eda avanzado a los cuartos de final luego de imponerse por penales<\/a>, pero <strong>V\u00e9lez present\u00f3 un reclamo por la inclusi\u00f3n y firma de seis jugadores extranjeros en la planilla del encuentro<\/strong>. En ese contexto, Riquelme se refiri\u00f3 al tema y sostuvo que \u201clos puntos se ganan en la cancha\u201d.<\/p>\n\n\n\n<p class=\"wp-block-paragraph\">M\u00e1s all\u00e1 de la resoluci\u00f3n que pueda tener el reclamo presentado por V\u00e9lez, <strong>el episodio dej\u00f3 en evidencia un aspecto administrativo que Boca deber\u00e1 revisar<\/strong>. La confecci\u00f3n y control de las planillas forman parte de cuestiones organizativas que pueden tener consecuencias en una competencia oficial, por lo que el caso gener\u00f3 atenci\u00f3n dentro del club. <strong>La dirigencia deber\u00e1 esperar la determinaci\u00f3n correspondiente mientras el equipo contin\u00faa con su calendario deportivo<\/strong>.<\/p>\n\n\n\n<p class=\"wp-block-paragraph\">En paralelo,<strong> Alan Velasco aprovech\u00f3 su oportunidad y tuvo una destacada actuaci\u00f3n frente a Gimnasia de Mendoza<\/strong>. El futbolista <strong>marc\u00f3 un golazo<\/strong>, particip\u00f3 en la construcci\u00f3n del segundo tanto y tambi\u00e9n tuvo otras intervenciones importantes durante el encuentro. Su rendimiento aparece como una noticia positiva para el cuerpo t\u00e9cnico, que encontr\u00f3 en \u00e9l una alternativa ante la ausencia de Brian Aranda. As\u00ed, mientras Boca busca recuperar regularidad en el torneo, <strong>Velasco comienza a ganar protagonismo dentro del equipo<\/strong>.<\/p>\n","protected":false},"excerpt":{"rendered":"<p>Mientras Boca contin\u00faa sin encontrar regularidad en el torneo local, la situaci\u00f3n que se gener\u00f3 tras el partido ante V\u00e9lez por la Copa Argentina volvi\u00f3 a poner el foco sobre la dirigencia encabezada por Juan Rom\u00e1n Riquelme. El Xeneize hab\u00eda avanzado a los cuartos de final luego de imponerse por penales, pero V\u00e9lez present\u00f3 un [&hellip;]<\/p>\n","protected":false},"author":1,"featured_media":14413,"comment_status":"closed","ping_status":"open","sticky":false,"template":"","format":"standard","meta":{"footnotes":""},"categories":[7],"tags":[292],"class_list":["post-18881","post","type-post","status-publish","format-standard","has-post-thumbnail","hentry","category-boca-juniors","tag-juan-roman-riquelme"],"_links":{"self":[{"href":"https:\/\/www.futbolparatodos.com.ar\/noticias\/wp-json\/wp\/v2\/posts\/18881","targetHints":{"allow":["GET"]}}],"collection":[{"href":"https:\/\/www.futbolparatodos.com.ar\/noticias\/wp-json\/wp\/v2\/posts"}],"about":[{"href":"https:\/\/www.futbolparatodos.com.ar\/noticias\/wp-json\/wp\/v2\/types\/post"}],"author":[{"embeddable":true,"href":"https:\/\/www.futbolparatodos.com.ar\/noticias\/wp-json\/wp\/v2\/users\/1"}],"replies":[{"embeddable":true,"href":"https:\/\/www.futbolparatodos.com.ar\/noticias\/wp-json\/wp\/v2\/comments?post=18881"}],"version-history":[{"count":1,"href":"https:\/\/www.futbolparatodos.com.ar\/noticias\/wp-json\/wp\/v2\/posts\/18881\/revisions"}],"predecessor-version":[{"id":18882,"href":"https:\/\/www.futbolparatodos.com.ar\/noticias\/wp-json\/wp\/v2\/posts\/18881\/revisions\/18882"}],"wp:featuredmedia":[{"embeddable":true,"href":"https:\/\/www.futbolparatodos.com.ar\/noticias\/wp-json\/wp\/v2\/media\/14413"}],"wp:attachment":[{"href":"https:\/\/www.futbolparatodos.com.ar\/noticias\/wp-json\/wp\/v2\/media?parent=18881"}],"wp:term":[{"taxonomy":"category","embeddable":true,"href":"https:\/\/www.futbolparatodos.com.ar\/noticias\/wp-json\/wp\/v2\/categories?post=18881"},{"taxonomy":"post_tag","embeddable":true,"href":"https:\/\/www.futbolparatodos.com.ar\/noticias\/wp-json\/wp\/v2\/tags?post=18881"}],"curies":[{"name":"wp","href":"https:\/\/api.w.org\/{rel}","templated":true}]}}